{"id":23445,"date":"2025-10-28T19:43:29","date_gmt":"2025-10-28T18:43:29","guid":{"rendered":"https:\/\/agora.xtec.cat\/ceippladedalt\/?p=23445"},"modified":"2025-10-29T19:47:02","modified_gmt":"2025-10-29T18:47:02","slug":"la-castanyera-nasia","status":"publish","type":"post","link":"https:\/\/agora.xtec.cat\/ceippladedalt\/cursos\/i3\/la-castanyera-nasia\/","title":{"rendered":"LA CASTANYERA N\u00c0SIA"},"content":{"rendered":"\n<p>Aquesta setmana ens va visitar la <strong>Castanyera N\u00e0sia<\/strong> del <a href=\"https:\/\/citolot.com\/\">CIT OLOT<\/a>, per celebrar que \u00e9s temps de tardor i menjar castanyes, moniatos i panellets! L&#8217;alumnat d&#8217;educaci\u00f3 infantil i cicle inicial va gaudir dels balls i les can\u00e7ons. Moltes gr\u00e0cies al CIT i feli\u00e7 castanyada!<\/p>\n\n\n\n<figure class=\"wp-block-image size-large\"><a href=\"https:\/\/agora.xtec.cat\/ceippladedalt\/wp-content\/uploads\/usu2126\/2025\/10\/4D71ED7C-BD82-4468-833F-C9CD752B72F7.jpeg\"><img loading=\"lazy\" decoding=\"async\" width=\"1024\" height=\"768\" src=\"https:\/\/agora.xtec.cat\/ceippladedalt\/wp-content\/uploads\/usu2126\/2025\/10\/4D71ED7C-BD82-4468-833F-C9CD752B72F7-1024x768.jpeg\" alt=\"\" class=\"wp-image-23446\" srcset=\"https:\/\/agora.xtec.cat\/ceippladedalt\/wp-content\/uploads\/usu2126\/2025\/10\/4D71ED7C-BD82-4468-833F-C9CD752B72F7-1024x768.jpeg 1024w, https:\/\/agora.xtec.cat\/ceippladedalt\/wp-content\/uploads\/usu2126\/2025\/10\/4D71ED7C-BD82-4468-833F-C9CD752B72F7-300x225.jpeg 300w, https:\/\/agora.xtec.cat\/ceippladedalt\/wp-content\/uploads\/usu2126\/2025\/10\/4D71ED7C-BD82-4468-833F-C9CD752B72F7-768x576.jpeg 768w, https:\/\/agora.xtec.cat\/ceippladedalt\/wp-content\/uploads\/usu2126\/2025\/10\/4D71ED7C-BD82-4468-833F-C9CD752B72F7-1536x1152.jpeg 1536w, https:\/\/agora.xtec.cat\/ceippladedalt\/wp-content\/uploads\/usu2126\/2025\/10\/4D71ED7C-BD82-4468-833F-C9CD752B72F7-200x150.jpeg 200w, https:\/\/agora.xtec.cat\/ceippladedalt\/wp-content\/uploads\/usu2126\/2025\/10\/4D71ED7C-BD82-4468-833F-C9CD752B72F7.jpeg 2000w\" sizes=\"auto, (max-width: 1024px) 100vw, 1024px\" \/><\/a><\/figure>\n","protected":false},"excerpt":{"rendered":"<p>Aquesta setmana ens va visitar la Castanyera N\u00e0sia del <a href=\"https:\/\/citolot.com\/\">CIT OLOT<\/a>, per celebrar que \u00e9s temps de tardor i menjar castanyes, moniatos i panellets! L&#8217;alumnat d&#8217;educaci\u00f3 infantil i cicle inicial va gaudir dels balls i les can\u00e7ons. Moltes gr\u00e0cies al CIT i feli\u00e7 castanyada!<\/p>\n<p><a&hellip;  <a href=\"https:\/\/agora.xtec.cat\/ceippladedalt\/cursos\/i3\/la-castanyera-nasia\/\" title=\"Read LA CASTANYERA N\u00c0SIA\">Llegeix m\u00e9s\u00bb<\/a><\/p>\n","protected":false},"author":1,"featured_media":23450,"comment_status":"open","ping_status":"open","sticky":false,"template":"","format":"standard","meta":{"_bbp_topic_count":0,"_bbp_reply_count":0,"_bbp_total_topic_count":0,"_bbp_total_reply_count":0,"_bbp_voice_count":0,"_bbp_anonymous_reply_count":0,"_bbp_topic_count_hidden":0,"_bbp_reply_count_hidden":0,"_bbp_forum_subforum_count":0,"footnotes":""},"categories":[10,11,3,8,65,4],"tags":[],"class_list":["post-23445","post","type-post","status-publish","format-standard","has-post-thumbnail","hentry","category-1r","category-2n","category-i3","category-i4","category-i5","category-portada"],"post_mailing_queue_ids":[],"_links":{"self":[{"href":"https:\/\/agora.xtec.cat\/ceippladedalt\/wp-json\/wp\/v2\/posts\/23445","targetHints":{"allow":["GET"]}}],"collection":[{"href":"https:\/\/agora.xtec.cat\/ceippladedalt\/wp-json\/wp\/v2\/posts"}],"about":[{"href":"https:\/\/agora.xtec.cat\/ceippladedalt\/wp-json\/wp\/v2\/types\/post"}],"author":[{"embeddable":true,"href":"https:\/\/agora.xtec.cat\/ceippladedalt\/wp-json\/wp\/v2\/users\/1"}],"replies":[{"embeddable":true,"href":"https:\/\/agora.xtec.cat\/ceippladedalt\/wp-json\/wp\/v2\/comments?post=23445"}],"version-history":[{"count":2,"href":"https:\/\/agora.xtec.cat\/ceippladedalt\/wp-json\/wp\/v2\/posts\/23445\/revisions"}],"predecessor-version":[{"id":23448,"href":"https:\/\/agora.xtec.cat\/ceippladedalt\/wp-json\/wp\/v2\/posts\/23445\/revisions\/23448"}],"wp:featuredmedia":[{"embeddable":true,"href":"https:\/\/agora.xtec.cat\/ceippladedalt\/wp-json\/wp\/v2\/media\/23450"}],"wp:attachment":[{"href":"https:\/\/agora.xtec.cat\/ceippladedalt\/wp-json\/wp\/v2\/media?parent=23445"}],"wp:term":[{"taxonomy":"category","embeddable":true,"href":"https:\/\/agora.xtec.cat\/ceippladedalt\/wp-json\/wp\/v2\/categories?post=23445"},{"taxonomy":"post_tag","embeddable":true,"href":"https:\/\/agora.xtec.cat\/ceippladedalt\/wp-json\/wp\/v2\/tags?post=23445"}],"curies":[{"name":"wp","href":"https:\/\/api.w.org\/{rel}","templated":true}]}}