{"id":23412,"date":"2025-10-23T20:00:38","date_gmt":"2025-10-23T18:00:38","guid":{"rendered":"https:\/\/agora.xtec.cat\/ceippladedalt\/?p=23412"},"modified":"2025-10-23T20:09:06","modified_gmt":"2025-10-23T18:09:06","slug":"entrevista-orchestra-fireluche","status":"publish","type":"post","link":"https:\/\/agora.xtec.cat\/ceippladedalt\/portada\/entrevista-orchestra-fireluche\/","title":{"rendered":"ORCHESTRA FIRELUCHE"},"content":{"rendered":"\n<p class=\"has-medium-font-size\"><strong>PROJECTE MUSICAL. L&#8217;ENTREVISTA.<\/strong><\/p>\n\n\n\n<p>Avui dijous ens ha visitat un grup de m\u00fasica <strong>peculiar i molt singular<\/strong> de la Cellera de Ter. Est\u00e0 format per una desena de m\u00fasics. <\/p>\n\n\n\n<p>L&#8217;Orchestra Fireluche \u00e9s un grup de m\u00fasica <strong>que treballa principalment amb instruments de joguina o reciclats<\/strong>, aix\u00ed com d\u2019altres propis de cultures d\u2019arreu del m\u00f3n. Tamb\u00e9 treballen i donen molta for\u00e7a a les seves veus, que les utilitzen com a instruments, onomatopeies, percussions&#8230; ampliant la seva sonoritat.<\/p>\n\n\n\n<p>Han participat en diversos festivals i han publicat 8 treballs. El seu disc Segona Florada va ser guardonat amb el Premi Disc Catal\u00e0 de l\u2019Any de 2022.<\/p>\n\n\n\n<p>Tots els alumnes de l&#8217;escola han pogut entrevistar a la Laura, en Dom\u00e8nec i en David (tres dels membres del grup) i han escoltat una mostra de les seves can\u00e7ons.<\/p>\n\n\n\n<p>Ens retrobarem al concert que tindr\u00e0 lloc el 5 de juny!<\/p>\n\n\n\n<figure class=\"wp-block-image size-large\"><a href=\"https:\/\/agora.xtec.cat\/ceippladedalt\/wp-content\/uploads\/usu2126\/2025\/10\/C82979DC-D861-4566-830E-D54F13F36AB6-1.jpeg\"><img loading=\"lazy\" decoding=\"async\" width=\"1024\" height=\"768\" src=\"https:\/\/agora.xtec.cat\/ceippladedalt\/wp-content\/uploads\/usu2126\/2025\/10\/C82979DC-D861-4566-830E-D54F13F36AB6-1-1024x768.jpeg\" alt=\"\" class=\"wp-image-23413\" srcset=\"https:\/\/agora.xtec.cat\/ceippladedalt\/wp-content\/uploads\/usu2126\/2025\/10\/C82979DC-D861-4566-830E-D54F13F36AB6-1-1024x768.jpeg 1024w, https:\/\/agora.xtec.cat\/ceippladedalt\/wp-content\/uploads\/usu2126\/2025\/10\/C82979DC-D861-4566-830E-D54F13F36AB6-1-300x225.jpeg 300w, https:\/\/agora.xtec.cat\/ceippladedalt\/wp-content\/uploads\/usu2126\/2025\/10\/C82979DC-D861-4566-830E-D54F13F36AB6-1-768x576.jpeg 768w, https:\/\/agora.xtec.cat\/ceippladedalt\/wp-content\/uploads\/usu2126\/2025\/10\/C82979DC-D861-4566-830E-D54F13F36AB6-1-1536x1152.jpeg 1536w, https:\/\/agora.xtec.cat\/ceippladedalt\/wp-content\/uploads\/usu2126\/2025\/10\/C82979DC-D861-4566-830E-D54F13F36AB6-1-200x150.jpeg 200w, https:\/\/agora.xtec.cat\/ceippladedalt\/wp-content\/uploads\/usu2126\/2025\/10\/C82979DC-D861-4566-830E-D54F13F36AB6-1.jpeg 2000w\" sizes=\"auto, (max-width: 1024px) 100vw, 1024px\" \/><\/a><\/figure>\n\n\n\n<p class=\"has-text-align-center has-black-color has-white-background-color has-text-color has-background has-link-color wp-elements-6daa7004a2b3d21fb26c44159c504cda\"><strong>Trobareu m\u00e9s fotografies i v\u00eddeos al men\u00fa &#8220;Festes&#8221;<\/strong> <strong>a la casella &#8220;Concerts&#8221;<\/strong><\/p>\n\n\n\n<p class=\"has-text-align-center has-black-color has-white-background-color has-text-color has-background has-link-color wp-elements-f6bbc497cc2362e32e398b2bb447ab86\"><strong>Moltes gr\u00e0cies Orchestra Fireluche!<\/strong><\/p>\n","protected":false},"excerpt":{"rendered":"<p>PROJECTE MUSICAL. L&#8217;ENTREVISTA.<\/p>\n<p>Avui dijous ens ha visitat un grup de m\u00fasica peculiar i molt singular de la Cellera de Ter. Est\u00e0 format per una desena de m\u00fasics. <\/p>\n<p>L&#8217;Orchestra Fireluche \u00e9s un grup de m\u00fasica que treballa principalment amb instruments de joguina o reciclats, aix\u00ed com&hellip;  <a href=\"https:\/\/agora.xtec.cat\/ceippladedalt\/portada\/entrevista-orchestra-fireluche\/\" title=\"Read ORCHESTRA FIRELUCHE\">Llegeix m\u00e9s\u00bb<\/a><\/p>\n","protected":false},"author":1,"featured_media":23414,"comment_status":"open","ping_status":"open","sticky":false,"template":"","format":"standard","meta":{"_bbp_topic_count":0,"_bbp_reply_count":0,"_bbp_total_topic_count":0,"_bbp_total_reply_count":0,"_bbp_voice_count":0,"_bbp_anonymous_reply_count":0,"_bbp_topic_count_hidden":0,"_bbp_reply_count_hidden":0,"_bbp_forum_subforum_count":0,"footnotes":""},"categories":[4],"tags":[],"class_list":["post-23412","post","type-post","status-publish","format-standard","has-post-thumbnail","hentry","category-portada"],"post_mailing_queue_ids":[],"_links":{"self":[{"href":"https:\/\/agora.xtec.cat\/ceippladedalt\/wp-json\/wp\/v2\/posts\/23412","targetHints":{"allow":["GET"]}}],"collection":[{"href":"https:\/\/agora.xtec.cat\/ceippladedalt\/wp-json\/wp\/v2\/posts"}],"about":[{"href":"https:\/\/agora.xtec.cat\/ceippladedalt\/wp-json\/wp\/v2\/types\/post"}],"author":[{"embeddable":true,"href":"https:\/\/agora.xtec.cat\/ceippladedalt\/wp-json\/wp\/v2\/users\/1"}],"replies":[{"embeddable":true,"href":"https:\/\/agora.xtec.cat\/ceippladedalt\/wp-json\/wp\/v2\/comments?post=23412"}],"version-history":[{"count":6,"href":"https:\/\/agora.xtec.cat\/ceippladedalt\/wp-json\/wp\/v2\/posts\/23412\/revisions"}],"predecessor-version":[{"id":23424,"href":"https:\/\/agora.xtec.cat\/ceippladedalt\/wp-json\/wp\/v2\/posts\/23412\/revisions\/23424"}],"wp:featuredmedia":[{"embeddable":true,"href":"https:\/\/agora.xtec.cat\/ceippladedalt\/wp-json\/wp\/v2\/media\/23414"}],"wp:attachment":[{"href":"https:\/\/agora.xtec.cat\/ceippladedalt\/wp-json\/wp\/v2\/media?parent=23412"}],"wp:term":[{"taxonomy":"category","embeddable":true,"href":"https:\/\/agora.xtec.cat\/ceippladedalt\/wp-json\/wp\/v2\/categories?post=23412"},{"taxonomy":"post_tag","embeddable":true,"href":"https:\/\/agora.xtec.cat\/ceippladedalt\/wp-json\/wp\/v2\/tags?post=23412"}],"curies":[{"name":"wp","href":"https:\/\/api.w.org\/{rel}","templated":true}]}}