{"id":23347,"date":"2025-09-29T20:32:33","date_gmt":"2025-09-29T18:32:33","guid":{"rendered":"https:\/\/agora.xtec.cat\/ceippladedalt\/?p=23347"},"modified":"2025-09-29T20:32:33","modified_gmt":"2025-09-29T18:32:33","slug":"primeres-setmanes-i-farandula","status":"publish","type":"post","link":"https:\/\/agora.xtec.cat\/ceippladedalt\/cursos\/i3\/primeres-setmanes-i-farandula\/","title":{"rendered":"Primeres setmanes i Far\u00e0ndula"},"content":{"rendered":"\n<p>Benvinguts al bloc de la classe. Ja podreu veure les primeres fotos del vostre fill\/a de la classe d&#8217;en &#8220;Patufet&#8221; i la classe de &#8220;La Rateta que escombrava l&#8217;escaleta&#8221;Tamb\u00e9 podreu veure com estem aprenent a treballar per espais de la Far\u00e0ndula. Recordeu que veure les fotos heu de seleccionar la icona de la c\u00e0mera de fotos!<\/p>\n\n\n\n<figure class=\"wp-block-image\"><img decoding=\"async\" src=\"https:\/\/agora.xtec.cat\/ceippladedalt\/wp-content\/uploads\/usu2126\/2025\/09\/2018_farandularium-150x150-1.jpg\" alt=\"\" \/><\/figure>\n","protected":false},"excerpt":{"rendered":"<p>Benvinguts al bloc de la classe. Ja podreu veure les primeres fotos del vostre fill\/a de la classe d&#8217;en &#8220;Patufet&#8221; i la classe de &#8220;La Rateta que escombrava l&#8217;escaleta&#8221;Tamb\u00e9 podreu veure com estem aprenent a treballar per espais de la Far\u00e0ndula. Recordeu que veure les&hellip;  <a href=\"https:\/\/agora.xtec.cat\/ceippladedalt\/cursos\/i3\/primeres-setmanes-i-farandula\/\" title=\"Read Primeres setmanes i Far\u00e0ndula\">Llegeix m\u00e9s\u00bb<\/a><\/p>\n","protected":false},"author":91,"featured_media":23325,"comment_status":"open","ping_status":"open","sticky":false,"template":"","format":"standard","meta":{"_bbp_topic_count":0,"_bbp_reply_count":0,"_bbp_total_topic_count":0,"_bbp_total_reply_count":0,"_bbp_voice_count":0,"_bbp_anonymous_reply_count":0,"_bbp_topic_count_hidden":0,"_bbp_reply_count_hidden":0,"_bbp_forum_subforum_count":0,"footnotes":""},"categories":[3],"tags":[],"class_list":["post-23347","post","type-post","status-publish","format-standard","has-post-thumbnail","hentry","category-i3"],"post_mailing_queue_ids":[],"_links":{"self":[{"href":"https:\/\/agora.xtec.cat\/ceippladedalt\/wp-json\/wp\/v2\/posts\/23347","targetHints":{"allow":["GET"]}}],"collection":[{"href":"https:\/\/agora.xtec.cat\/ceippladedalt\/wp-json\/wp\/v2\/posts"}],"about":[{"href":"https:\/\/agora.xtec.cat\/ceippladedalt\/wp-json\/wp\/v2\/types\/post"}],"author":[{"embeddable":true,"href":"https:\/\/agora.xtec.cat\/ceippladedalt\/wp-json\/wp\/v2\/users\/91"}],"replies":[{"embeddable":true,"href":"https:\/\/agora.xtec.cat\/ceippladedalt\/wp-json\/wp\/v2\/comments?post=23347"}],"version-history":[{"count":1,"href":"https:\/\/agora.xtec.cat\/ceippladedalt\/wp-json\/wp\/v2\/posts\/23347\/revisions"}],"predecessor-version":[{"id":23348,"href":"https:\/\/agora.xtec.cat\/ceippladedalt\/wp-json\/wp\/v2\/posts\/23347\/revisions\/23348"}],"wp:featuredmedia":[{"embeddable":true,"href":"https:\/\/agora.xtec.cat\/ceippladedalt\/wp-json\/wp\/v2\/media\/23325"}],"wp:attachment":[{"href":"https:\/\/agora.xtec.cat\/ceippladedalt\/wp-json\/wp\/v2\/media?parent=23347"}],"wp:term":[{"taxonomy":"category","embeddable":true,"href":"https:\/\/agora.xtec.cat\/ceippladedalt\/wp-json\/wp\/v2\/categories?post=23347"},{"taxonomy":"post_tag","embeddable":true,"href":"https:\/\/agora.xtec.cat\/ceippladedalt\/wp-json\/wp\/v2\/tags?post=23347"}],"curies":[{"name":"wp","href":"https:\/\/api.w.org\/{rel}","templated":true}]}}