{"id":23204,"date":"2025-07-04T16:34:10","date_gmt":"2025-07-04T14:34:10","guid":{"rendered":"https:\/\/agora.xtec.cat\/ceippladedalt\/?p=23204"},"modified":"2025-07-04T16:35:21","modified_gmt":"2025-07-04T14:35:21","slug":"recomanacions-estiu","status":"publish","type":"post","link":"https:\/\/agora.xtec.cat\/ceippladedalt\/general\/recomanacions-estiu\/","title":{"rendered":"RECOMANACIONS ESTIU"},"content":{"rendered":"<div class=\"wp-block-image\">\n<figure class=\"aligncenter size-full is-resized\"><a href=\"https:\/\/agora.xtec.cat\/ceippladedalt\/wp-content\/uploads\/usu2126\/2025\/07\/ChatGPT-Image-4-de-jul.-del-2025-16_28_15.png\"><img loading=\"lazy\" decoding=\"async\" width=\"1024\" height=\"1024\" src=\"https:\/\/agora.xtec.cat\/ceippladedalt\/wp-content\/uploads\/usu2126\/2025\/07\/ChatGPT-Image-4-de-jul.-del-2025-16_28_15.png\" alt=\"\" class=\"wp-image-23205\" style=\"width:597px;height:auto\" srcset=\"https:\/\/agora.xtec.cat\/ceippladedalt\/wp-content\/uploads\/usu2126\/2025\/07\/ChatGPT-Image-4-de-jul.-del-2025-16_28_15.png 1024w, https:\/\/agora.xtec.cat\/ceippladedalt\/wp-content\/uploads\/usu2126\/2025\/07\/ChatGPT-Image-4-de-jul.-del-2025-16_28_15-300x300.png 300w, https:\/\/agora.xtec.cat\/ceippladedalt\/wp-content\/uploads\/usu2126\/2025\/07\/ChatGPT-Image-4-de-jul.-del-2025-16_28_15-150x150.png 150w, https:\/\/agora.xtec.cat\/ceippladedalt\/wp-content\/uploads\/usu2126\/2025\/07\/ChatGPT-Image-4-de-jul.-del-2025-16_28_15-768x768.png 768w\" sizes=\"auto, (max-width: 1024px) 100vw, 1024px\" \/><\/a><\/figure><\/div>\n\n\n<p>Sens dubte l&#8217;estiu \u00e9s el millor moment per gaudir de la lectura. Aqu\u00ed teniu l&#8217;enlla\u00e7 del grup Bibliomedia que us portar\u00e0 a diverses guies de lectura per a l&#8217;estiu!! <\/p>\n\n\n\n<p><a href=\"https:\/\/grupbibliomedia.blogspot.com\/2025\/06\/lectures-estiu-2025.html\" data-type=\"link\" data-id=\"https:\/\/grupbibliomedia.blogspot.com\/2025\/06\/lectures-estiu-2025.html\">LECTURES ESTIU<\/a><\/p>\n\n\n\n<p><\/p>\n","protected":false},"excerpt":{"rendered":"<p><a href=\"https:\/\/agora.xtec.cat\/ceippladedalt\/wp-content\/uploads\/usu2126\/2025\/07\/ChatGPT-Image-4-de-jul.-del-2025-16_28_15.png\"><\/a><\/p>\n<p>Sens dubte l&#8217;estiu \u00e9s el millor moment per gaudir de la lectura. Aqu\u00ed teniu l&#8217;enlla\u00e7 del grup Bibliomedia que us portar\u00e0 a diverses guies de lectura per a l&#8217;estiu!! <\/p>\n<p><a href=\"https:\/\/grupbibliomedia.blogspot.com\/2025\/06\/lectures-estiu-2025.html\" data-type=\"link\" data-id=\"https:\/\/grupbibliomedia.blogspot.com\/2025\/06\/lectures-estiu-2025.html\">LECTURES ESTIU<\/a><\/p>\n","protected":false},"author":52,"featured_media":23205,"comment_status":"open","ping_status":"open","sticky":false,"template":"","format":"standard","meta":{"_bbp_topic_count":0,"_bbp_reply_count":0,"_bbp_total_topic_count":0,"_bbp_total_reply_count":0,"_bbp_voice_count":0,"_bbp_anonymous_reply_count":0,"_bbp_topic_count_hidden":0,"_bbp_reply_count_hidden":0,"_bbp_forum_subforum_count":0,"footnotes":""},"categories":[133,5,1],"tags":[],"class_list":["post-23204","post","type-post","status-publish","format-standard","has-post-thumbnail","hentry","category-biblioteca-categoria","category-cursos","category-general"],"post_mailing_queue_ids":[],"_links":{"self":[{"href":"https:\/\/agora.xtec.cat\/ceippladedalt\/wp-json\/wp\/v2\/posts\/23204","targetHints":{"allow":["GET"]}}],"collection":[{"href":"https:\/\/agora.xtec.cat\/ceippladedalt\/wp-json\/wp\/v2\/posts"}],"about":[{"href":"https:\/\/agora.xtec.cat\/ceippladedalt\/wp-json\/wp\/v2\/types\/post"}],"author":[{"embeddable":true,"href":"https:\/\/agora.xtec.cat\/ceippladedalt\/wp-json\/wp\/v2\/users\/52"}],"replies":[{"embeddable":true,"href":"https:\/\/agora.xtec.cat\/ceippladedalt\/wp-json\/wp\/v2\/comments?post=23204"}],"version-history":[{"count":1,"href":"https:\/\/agora.xtec.cat\/ceippladedalt\/wp-json\/wp\/v2\/posts\/23204\/revisions"}],"predecessor-version":[{"id":23206,"href":"https:\/\/agora.xtec.cat\/ceippladedalt\/wp-json\/wp\/v2\/posts\/23204\/revisions\/23206"}],"wp:featuredmedia":[{"embeddable":true,"href":"https:\/\/agora.xtec.cat\/ceippladedalt\/wp-json\/wp\/v2\/media\/23205"}],"wp:attachment":[{"href":"https:\/\/agora.xtec.cat\/ceippladedalt\/wp-json\/wp\/v2\/media?parent=23204"}],"wp:term":[{"taxonomy":"category","embeddable":true,"href":"https:\/\/agora.xtec.cat\/ceippladedalt\/wp-json\/wp\/v2\/categories?post=23204"},{"taxonomy":"post_tag","embeddable":true,"href":"https:\/\/agora.xtec.cat\/ceippladedalt\/wp-json\/wp\/v2\/tags?post=23204"}],"curies":[{"name":"wp","href":"https:\/\/api.w.org\/{rel}","templated":true}]}}