{"id":23182,"date":"2025-06-20T19:33:34","date_gmt":"2025-06-20T17:33:34","guid":{"rendered":"https:\/\/agora.xtec.cat\/ceippladedalt\/?p=23182"},"modified":"2025-07-01T19:36:15","modified_gmt":"2025-07-01T17:36:15","slug":"acte-de-graduacio-6e","status":"publish","type":"post","link":"https:\/\/agora.xtec.cat\/ceippladedalt\/general\/acte-de-graduacio-6e\/","title":{"rendered":"ACTE DE GRADUACI\u00d3 6\u00c8"},"content":{"rendered":"\n<p><strong>ACTE DE GRADUACI\u00d3 DE LA PROMOCI\u00d3 2025.<\/strong><\/p>\n\n\n\n<p class=\"has-text-align-left has-medium-font-size\">El passat dia 20 de juny a la tarda es va celebrar la festa de comiat de la Promoci\u00f3 2025 amb les fam\u00edlies. Una nova promoci\u00f3 d&#8217;alumnes marxa de l&#8217;escola cap a l&#8217;ESO. <\/p>\n\n\n\n<p class=\"has-text-align-left has-medium-font-size\">Ens sentim orgullosos d&#8217;aquests nois i noies.<\/p>\n\n\n\n<p class=\"has-text-align-center has-medium-font-size\">Molta sort en la nova etapa!<\/p>\n\n\n\n<figure class=\"wp-block-image size-large\"><a href=\"https:\/\/agora.xtec.cat\/ceippladedalt\/wp-content\/uploads\/usu2126\/2025\/06\/4A8E3B2B-2E01-47DD-8E34-5F2C79FE0A76.jpeg\"><img loading=\"lazy\" decoding=\"async\" width=\"1024\" height=\"279\" src=\"https:\/\/agora.xtec.cat\/ceippladedalt\/wp-content\/uploads\/usu2126\/2025\/06\/4A8E3B2B-2E01-47DD-8E34-5F2C79FE0A76-1024x279.jpeg\" alt=\"\" class=\"wp-image-23125\" srcset=\"https:\/\/agora.xtec.cat\/ceippladedalt\/wp-content\/uploads\/usu2126\/2025\/06\/4A8E3B2B-2E01-47DD-8E34-5F2C79FE0A76-1024x279.jpeg 1024w, https:\/\/agora.xtec.cat\/ceippladedalt\/wp-content\/uploads\/usu2126\/2025\/06\/4A8E3B2B-2E01-47DD-8E34-5F2C79FE0A76-300x82.jpeg 300w, https:\/\/agora.xtec.cat\/ceippladedalt\/wp-content\/uploads\/usu2126\/2025\/06\/4A8E3B2B-2E01-47DD-8E34-5F2C79FE0A76-768x209.jpeg 768w, https:\/\/agora.xtec.cat\/ceippladedalt\/wp-content\/uploads\/usu2126\/2025\/06\/4A8E3B2B-2E01-47DD-8E34-5F2C79FE0A76-1536x419.jpeg 1536w, https:\/\/agora.xtec.cat\/ceippladedalt\/wp-content\/uploads\/usu2126\/2025\/06\/4A8E3B2B-2E01-47DD-8E34-5F2C79FE0A76.jpeg 2048w\" sizes=\"auto, (max-width: 1024px) 100vw, 1024px\" \/><\/a><\/figure>\n","protected":false},"excerpt":{"rendered":"<p>ACTE DE GRADUACI\u00d3 DE LA PROMOCI\u00d3 2025.<\/p>\n<p>El passat dia 20 de juny a la tarda es va celebrar la festa de comiat de la Promoci\u00f3 2025 amb les fam\u00edlies. Una nova promoci\u00f3 d&#8217;alumnes marxa de l&#8217;escola cap a l&#8217;ESO. <\/p>\n<p>Ens sentim orgullosos d&#8217;aquests nois i&hellip;  <a href=\"https:\/\/agora.xtec.cat\/ceippladedalt\/general\/acte-de-graduacio-6e\/\" title=\"Read ACTE DE GRADUACI\u00d3 6\u00c8\">Llegeix m\u00e9s\u00bb<\/a><\/p>\n","protected":false},"author":1,"featured_media":23125,"comment_status":"open","ping_status":"open","sticky":false,"template":"","format":"standard","meta":{"_bbp_topic_count":0,"_bbp_reply_count":0,"_bbp_total_topic_count":0,"_bbp_total_reply_count":0,"_bbp_voice_count":0,"_bbp_anonymous_reply_count":0,"_bbp_topic_count_hidden":0,"_bbp_reply_count_hidden":0,"_bbp_forum_subforum_count":0,"footnotes":""},"categories":[15,1,4],"tags":[],"class_list":["post-23182","post","type-post","status-publish","format-standard","has-post-thumbnail","hentry","category-6e","category-general","category-portada"],"post_mailing_queue_ids":[],"_links":{"self":[{"href":"https:\/\/agora.xtec.cat\/ceippladedalt\/wp-json\/wp\/v2\/posts\/23182","targetHints":{"allow":["GET"]}}],"collection":[{"href":"https:\/\/agora.xtec.cat\/ceippladedalt\/wp-json\/wp\/v2\/posts"}],"about":[{"href":"https:\/\/agora.xtec.cat\/ceippladedalt\/wp-json\/wp\/v2\/types\/post"}],"author":[{"embeddable":true,"href":"https:\/\/agora.xtec.cat\/ceippladedalt\/wp-json\/wp\/v2\/users\/1"}],"replies":[{"embeddable":true,"href":"https:\/\/agora.xtec.cat\/ceippladedalt\/wp-json\/wp\/v2\/comments?post=23182"}],"version-history":[{"count":2,"href":"https:\/\/agora.xtec.cat\/ceippladedalt\/wp-json\/wp\/v2\/posts\/23182\/revisions"}],"predecessor-version":[{"id":23184,"href":"https:\/\/agora.xtec.cat\/ceippladedalt\/wp-json\/wp\/v2\/posts\/23182\/revisions\/23184"}],"wp:featuredmedia":[{"embeddable":true,"href":"https:\/\/agora.xtec.cat\/ceippladedalt\/wp-json\/wp\/v2\/media\/23125"}],"wp:attachment":[{"href":"https:\/\/agora.xtec.cat\/ceippladedalt\/wp-json\/wp\/v2\/media?parent=23182"}],"wp:term":[{"taxonomy":"category","embeddable":true,"href":"https:\/\/agora.xtec.cat\/ceippladedalt\/wp-json\/wp\/v2\/categories?post=23182"},{"taxonomy":"post_tag","embeddable":true,"href":"https:\/\/agora.xtec.cat\/ceippladedalt\/wp-json\/wp\/v2\/tags?post=23182"}],"curies":[{"name":"wp","href":"https:\/\/api.w.org\/{rel}","templated":true}]}}