{"id":23127,"date":"2025-06-25T06:23:13","date_gmt":"2025-06-25T04:23:13","guid":{"rendered":"https:\/\/agora.xtec.cat\/ceippladedalt\/?p=23127"},"modified":"2025-06-26T06:27:36","modified_gmt":"2025-06-26T04:27:36","slug":"calendari-de-preinscripcio-i-matriculacio-2025-26","status":"publish","type":"post","link":"https:\/\/agora.xtec.cat\/ceippladedalt\/general\/calendari-de-preinscripcio-i-matriculacio-2025-26\/","title":{"rendered":"CALENDARI DE PREINSCRIPCI\u00d3 I MATRICULACI\u00d3 2025\/26"},"content":{"rendered":"\n<p class=\"has-text-align-center has-medium-font-size\"><strong>CALENDARI DE PREINSCRIPCI\u00d3 I MATRICULACI\u00d3 2025-2026<\/strong><\/p>\n\n\n\n<h3 class=\"wp-block-heading has-text-align-center\"><strong>RESOLUCI\u00d3 EDF\/319\/2025, de 4 de febrer<\/strong><\/h3>\n\n\n\n<p class=\"has-text-align-center\"><strong>Educaci\u00f3 infantil i prim\u00e0ria<\/strong><\/p>\n\n\n\n<p class=\"has-black-color has-text-color has-link-color wp-elements-75e8aa6b9782a66f0fe4ea04b7876a41\">Benvolgudes fam\u00edlies,<\/p>\n\n\n\n<p class=\"has-black-color has-text-color has-link-color wp-elements-0d61473e5940512ae66ccc69950970eb\">Ja teniu informaci\u00f3 sobre la Preinscripci\u00f3 escolar al web&nbsp;<strong><a href=\"https:\/\/preinscripcio.gencat.cat\/ca\/inici\/\" target=\"_blank\" rel=\"noreferrer noopener\">preinscripcio.gencat.cat<\/a><\/strong>, que neix de la voluntat d\u2019acompanyar millor les fam\u00edlies durant el proc\u00e9s de preinscripci\u00f3 2025-2026 als ensenyaments obligatoris.<\/p>\n\n\n\n<p class=\"has-text-align-center\"><a href=\"https:\/\/preinscripcio.gencat.cat\/ca\/estudis\/infantil-3-6\/preinscriute\/sollicitud\/\"><strong>SOL\u00b7LICITUD DE PREINSCRIPCI\u00d3 D&#8217;EDUCACI\u00d3 INFANTIL (3-6 ANYS)<\/strong><\/a><\/p>\n\n\n\n<p class=\"has-text-align-center\"><strong><a href=\"https:\/\/preinscripcio.gencat.cat\/ca\/estudis\/primaria\/preinscriute\/sollicitud\/\">SOL\u00b7LICITUD DE PREINSCRIPCI\u00d3 D&#8217;EDUCACI\u00d3 PRIM\u00c0RIA (6-12 ANYS)<\/a><\/strong><\/p>\n\n\n\n<p><strong>CALENDARI<\/strong><\/p>\n\n\n\n<figure class=\"wp-block-table\"><table><tbody><tr><td><strong>Publicaci\u00f3 de l\u2018<a href=\"https:\/\/drive.google.com\/file\/d\/11FNpAR8KClfzb20h3O-Br67tW4oOX9mI\/view?usp=sharing\">oferta inicial<\/a><\/strong><\/td><td><strong>11 de mar\u00e7<\/strong><\/td><\/tr><tr><td><strong>Presentaci\u00f3 de&nbsp;sol\u00b7licituds<\/strong><\/td><td><strong>Del 12 al 26 de mar\u00e7<\/strong><\/td><\/tr><tr><td><strong>Presentaci\u00f3 de documentaci\u00f3<\/strong><\/td><td><strong>28 de mar\u00e7<\/strong><\/td><\/tr><tr><td><strong>Publicaci\u00f3 de la&nbsp;<a href=\"https:\/\/drive.google.com\/file\/d\/1dZAebknIjsH0cGmhVtBPYovLhK2XjmHY\/view?usp=sharing\">llista de sol\u00b7licituds amb la&nbsp;puntuaci\u00f3 provisional <\/a><\/strong><\/td><td><strong>24 d\u2019abril<\/strong><\/td><\/tr><tr><td><strong>Presentaci\u00f3 de reclamacions a la llista amb la puntuaci\u00f3 provisional<\/strong><\/td><td><strong>Del 24 al 29 d\u2019abril<\/strong><\/td><\/tr><tr><td><strong>Gesti\u00f3 de reclamacions<\/strong><\/td><td><strong>Del 24 al 30 d\u2019abril<\/strong><\/td><\/tr><tr><td><strong>Publicaci\u00f3 de la&nbsp;<a href=\"https:\/\/drive.google.com\/file\/d\/1PEo5YqKJ3VQ_5ZUx20Wx6iK2j4BhbCFS\/view?usp=sharing\">llista amb la puntuaci\u00f3 definitiva<\/a>, un cop resoltes de les reclamacions<\/strong><\/td><td><strong>5 de maig<\/strong><\/td><\/tr><tr><td><strong>Sortei<\/strong>g <strong>del n\u00famero per al desempat 76.261<\/strong><\/td><td><strong>8 de maig<\/strong><\/td><\/tr><tr><td><strong>Publicaci\u00f3 de les&nbsp;<a href=\"https:\/\/drive.google.com\/file\/d\/15u0RzOPHMpbsv11ovm1O-J5mh0R2ZJqW\/view?usp=sharing\">llistes ordenades definitives<\/a><\/strong><\/td><td><strong>9 de maig<\/strong><\/td><\/tr><tr><td><strong>Ampliaci\u00f3 de petici\u00f3 de centres per alumnes NEE B les sol\u00b7licituds que no han obtingut cap assignaci\u00f3<\/strong><\/td><td><strong>21 i 22 de maig<\/strong><\/td><\/tr><tr><td>Ampliaci\u00f3 de petici\u00f3 de centres per alumnes ordinaris les sol\u00b7licituds que no han obtingut cap assignaci\u00f3<\/td><td>Del 4 al 6 de juny<\/td><\/tr><tr><td>Publicaci\u00f3 de l\u2019<strong><a href=\"https:\/\/drive.google.com\/file\/d\/1Kd5dUUMZXO4oGAqfF7AW6yO69tYJuzE7\/view?usp=sharing\">oferta definitiva<\/a><\/strong><\/td><td>16 juny<\/td><\/tr><tr><td>Publicaci\u00f3:&nbsp;<strong><a href=\"https:\/\/drive.google.com\/file\/d\/1RG6zMzZBpK6srImxSoO16ai7zG2U21xT\/view?usp=sharing\">llista&nbsp; alumnes preinscrits<\/a>,&nbsp;<a href=\"https:\/\/drive.google.com\/file\/d\/152zX55LCIk6Eeveq3XzKno-kFydV0vr9\/view?usp=sharing\">llista d\u2019alumnes assignats<\/a><\/strong>&nbsp;i la&nbsp;<strong><a href=\"https:\/\/drive.google.com\/file\/d\/1L8mSyebQ3YkKmZcIu5eyJwtWruqkCgvf\/view?usp=sharing\">llista d\u2019espera<\/a><\/strong><\/td><td>16 juny<\/td><\/tr><tr><td>Per\u00edode de matriculaci\u00f3<\/td><td>Del 25 de juny al 3 de juliol<\/td><\/tr><\/tbody><\/table><\/figure>\n\n\n\n<p><strong>Per\u00edode de reclamaci\u00f3 sobre l\u2019assignaci\u00f3 de pla\u00e7a del proc\u00e9s de preinscripci\u00f3 pel curs 25-26, nom\u00e9s els dies 17, 18 I 19 de juny.<\/strong>&nbsp;Us facilitem el seg\u00fcent enlla\u00e7 per poder entrar la reclamaci\u00f3 de manera telem\u00e0tica (tamb\u00e9 us podeu adre\u00e7ar a l\u2019OME).<\/p>\n\n\n\n<p><strong>Enlla\u00e7 al formulari de reclamaci\u00f3<\/strong>: <a href=\"https:\/\/educacio.gencat.cat\/ca\/tramits\/tramits-temes\/reclamacions-assignacions-preinscripcio-obligatoris?moda=1\">https:\/\/educacio.gencat.cat\/ca\/tramit<\/a><\/p>\n\n\n\n<figure class=\"wp-block-image size-full\"><a href=\"https:\/\/agora.xtec.cat\/ceippladedalt\/wp-content\/uploads\/usu2126\/2025\/03\/GENE_CONSTRUIM_FUTURS_BANNER_745x250_Preinscripcio_.jpg\"><img loading=\"lazy\" decoding=\"async\" width=\"744\" height=\"251\" src=\"https:\/\/agora.xtec.cat\/ceippladedalt\/wp-content\/uploads\/usu2126\/2025\/03\/GENE_CONSTRUIM_FUTURS_BANNER_745x250_Preinscripcio_.jpg\" alt=\"\" class=\"wp-image-22428\" srcset=\"https:\/\/agora.xtec.cat\/ceippladedalt\/wp-content\/uploads\/usu2126\/2025\/03\/GENE_CONSTRUIM_FUTURS_BANNER_745x250_Preinscripcio_.jpg 744w, https:\/\/agora.xtec.cat\/ceippladedalt\/wp-content\/uploads\/usu2126\/2025\/03\/GENE_CONSTRUIM_FUTURS_BANNER_745x250_Preinscripcio_-300x101.jpg 300w\" sizes=\"auto, (max-width: 744px) 100vw, 744px\" \/><\/a><\/figure>\n","protected":false},"excerpt":{"rendered":"<p>CALENDARI DE PREINSCRIPCI\u00d3 I MATRICULACI\u00d3 2025-2026<\/p>\n<p>RESOLUCI\u00d3 EDF\/319\/2025, de 4 de febrer<\/p>\n<p>Educaci\u00f3 infantil i prim\u00e0ria<\/p>\n<p>Benvolgudes fam\u00edlies,<\/p>\n<p>Ja teniu informaci\u00f3 sobre la Preinscripci\u00f3 escolar al web&nbsp;<a href=\"https:\/\/preinscripcio.gencat.cat\/ca\/inici\/\" target=\"_blank\" rel=\"noreferrer noopener\">preinscripcio.gencat.cat<\/a>, que neix de la voluntat d\u2019acompanyar millor les fam\u00edlies durant el proc\u00e9s de preinscripci\u00f3 2025-2026 als ensenyaments obligatoris.<\/p>\n<p><a&hellip;  <a href=\"https:\/\/agora.xtec.cat\/ceippladedalt\/general\/calendari-de-preinscripcio-i-matriculacio-2025-26\/\" title=\"Read CALENDARI DE PREINSCRIPCI\u00d3 I MATRICULACI\u00d3 2025\/26\">Llegeix m\u00e9s\u00bb<\/a><\/p>\n","protected":false},"author":1,"featured_media":22427,"comment_status":"open","ping_status":"open","sticky":false,"template":"","format":"standard","meta":{"_bbp_topic_count":0,"_bbp_reply_count":0,"_bbp_total_topic_count":0,"_bbp_total_reply_count":0,"_bbp_voice_count":0,"_bbp_anonymous_reply_count":0,"_bbp_topic_count_hidden":0,"_bbp_reply_count_hidden":0,"_bbp_forum_subforum_count":0,"footnotes":""},"categories":[1,4],"tags":[],"class_list":["post-23127","post","type-post","status-publish","format-standard","has-post-thumbnail","hentry","category-general","category-portada"],"post_mailing_queue_ids":[],"_links":{"self":[{"href":"https:\/\/agora.xtec.cat\/ceippladedalt\/wp-json\/wp\/v2\/posts\/23127","targetHints":{"allow":["GET"]}}],"collection":[{"href":"https:\/\/agora.xtec.cat\/ceippladedalt\/wp-json\/wp\/v2\/posts"}],"about":[{"href":"https:\/\/agora.xtec.cat\/ceippladedalt\/wp-json\/wp\/v2\/types\/post"}],"author":[{"embeddable":true,"href":"https:\/\/agora.xtec.cat\/ceippladedalt\/wp-json\/wp\/v2\/users\/1"}],"replies":[{"embeddable":true,"href":"https:\/\/agora.xtec.cat\/ceippladedalt\/wp-json\/wp\/v2\/comments?post=23127"}],"version-history":[{"count":3,"href":"https:\/\/agora.xtec.cat\/ceippladedalt\/wp-json\/wp\/v2\/posts\/23127\/revisions"}],"predecessor-version":[{"id":23130,"href":"https:\/\/agora.xtec.cat\/ceippladedalt\/wp-json\/wp\/v2\/posts\/23127\/revisions\/23130"}],"wp:featuredmedia":[{"embeddable":true,"href":"https:\/\/agora.xtec.cat\/ceippladedalt\/wp-json\/wp\/v2\/media\/22427"}],"wp:attachment":[{"href":"https:\/\/agora.xtec.cat\/ceippladedalt\/wp-json\/wp\/v2\/media?parent=23127"}],"wp:term":[{"taxonomy":"category","embeddable":true,"href":"https:\/\/agora.xtec.cat\/ceippladedalt\/wp-json\/wp\/v2\/categories?post=23127"},{"taxonomy":"post_tag","embeddable":true,"href":"https:\/\/agora.xtec.cat\/ceippladedalt\/wp-json\/wp\/v2\/tags?post=23127"}],"curies":[{"name":"wp","href":"https:\/\/api.w.org\/{rel}","templated":true}]}}