{"id":23123,"date":"2025-06-05T06:14:20","date_gmt":"2025-06-05T04:14:20","guid":{"rendered":"https:\/\/agora.xtec.cat\/ceippladedalt\/?p=23123"},"modified":"2025-06-26T06:20:11","modified_gmt":"2025-06-26T04:20:11","slug":"concert-de-rock-per-xics","status":"publish","type":"post","link":"https:\/\/agora.xtec.cat\/ceippladedalt\/portada\/concert-de-rock-per-xics\/","title":{"rendered":"CONCERT DE ROCK PER XICS"},"content":{"rendered":"\n<p>La cloenda del Projecte Rock per Xics de l&#8217;\u00e0rea de m\u00fasica va tenir lloc el 4 de juny amb el concert de rock del grup musical. Vam ballar i cantar les can\u00e7ons que hem apr\u00e8s durant el curs!<\/p>\n\n\n\n<figure class=\"wp-block-image size-large\"><a href=\"https:\/\/agora.xtec.cat\/ceippladedalt\/wp-content\/uploads\/usu2126\/2025\/06\/DD86C2B8-21ED-4390-B4D0-F8CF2A572832.jpeg\"><img loading=\"lazy\" decoding=\"async\" width=\"1024\" height=\"387\" src=\"https:\/\/agora.xtec.cat\/ceippladedalt\/wp-content\/uploads\/usu2126\/2025\/06\/DD86C2B8-21ED-4390-B4D0-F8CF2A572832-1024x387.jpeg\" alt=\"\" class=\"wp-image-22794\" srcset=\"https:\/\/agora.xtec.cat\/ceippladedalt\/wp-content\/uploads\/usu2126\/2025\/06\/DD86C2B8-21ED-4390-B4D0-F8CF2A572832-1024x387.jpeg 1024w, https:\/\/agora.xtec.cat\/ceippladedalt\/wp-content\/uploads\/usu2126\/2025\/06\/DD86C2B8-21ED-4390-B4D0-F8CF2A572832-300x113.jpeg 300w, https:\/\/agora.xtec.cat\/ceippladedalt\/wp-content\/uploads\/usu2126\/2025\/06\/DD86C2B8-21ED-4390-B4D0-F8CF2A572832-768x290.jpeg 768w, https:\/\/agora.xtec.cat\/ceippladedalt\/wp-content\/uploads\/usu2126\/2025\/06\/DD86C2B8-21ED-4390-B4D0-F8CF2A572832-1536x581.jpeg 1536w, https:\/\/agora.xtec.cat\/ceippladedalt\/wp-content\/uploads\/usu2126\/2025\/06\/DD86C2B8-21ED-4390-B4D0-F8CF2A572832.jpeg 2048w\" sizes=\"auto, (max-width: 1024px) 100vw, 1024px\" \/><\/a><\/figure>\n","protected":false},"excerpt":{"rendered":"<p>La cloenda del Projecte Rock per Xics de l&#8217;\u00e0rea de m\u00fasica va tenir lloc el 4 de juny amb el concert de rock del grup musical. Vam ballar i cantar les can\u00e7ons que hem apr\u00e8s durant el curs!<\/p>\n<p><a href=\"https:\/\/agora.xtec.cat\/ceippladedalt\/wp-content\/uploads\/usu2126\/2025\/06\/DD86C2B8-21ED-4390-B4D0-F8CF2A572832.jpeg\"><\/a><\/p>\n","protected":false},"author":1,"featured_media":22792,"comment_status":"open","ping_status":"open","sticky":false,"template":"","format":"standard","meta":{"_bbp_topic_count":0,"_bbp_reply_count":0,"_bbp_total_topic_count":0,"_bbp_total_reply_count":0,"_bbp_voice_count":0,"_bbp_anonymous_reply_count":0,"_bbp_topic_count_hidden":0,"_bbp_reply_count_hidden":0,"_bbp_forum_subforum_count":0,"footnotes":""},"categories":[4],"tags":[],"class_list":["post-23123","post","type-post","status-publish","format-standard","has-post-thumbnail","hentry","category-portada"],"post_mailing_queue_ids":[],"_links":{"self":[{"href":"https:\/\/agora.xtec.cat\/ceippladedalt\/wp-json\/wp\/v2\/posts\/23123","targetHints":{"allow":["GET"]}}],"collection":[{"href":"https:\/\/agora.xtec.cat\/ceippladedalt\/wp-json\/wp\/v2\/posts"}],"about":[{"href":"https:\/\/agora.xtec.cat\/ceippladedalt\/wp-json\/wp\/v2\/types\/post"}],"author":[{"embeddable":true,"href":"https:\/\/agora.xtec.cat\/ceippladedalt\/wp-json\/wp\/v2\/users\/1"}],"replies":[{"embeddable":true,"href":"https:\/\/agora.xtec.cat\/ceippladedalt\/wp-json\/wp\/v2\/comments?post=23123"}],"version-history":[{"count":1,"href":"https:\/\/agora.xtec.cat\/ceippladedalt\/wp-json\/wp\/v2\/posts\/23123\/revisions"}],"predecessor-version":[{"id":23124,"href":"https:\/\/agora.xtec.cat\/ceippladedalt\/wp-json\/wp\/v2\/posts\/23123\/revisions\/23124"}],"wp:featuredmedia":[{"embeddable":true,"href":"https:\/\/agora.xtec.cat\/ceippladedalt\/wp-json\/wp\/v2\/media\/22792"}],"wp:attachment":[{"href":"https:\/\/agora.xtec.cat\/ceippladedalt\/wp-json\/wp\/v2\/media?parent=23123"}],"wp:term":[{"taxonomy":"category","embeddable":true,"href":"https:\/\/agora.xtec.cat\/ceippladedalt\/wp-json\/wp\/v2\/categories?post=23123"},{"taxonomy":"post_tag","embeddable":true,"href":"https:\/\/agora.xtec.cat\/ceippladedalt\/wp-json\/wp\/v2\/tags?post=23123"}],"curies":[{"name":"wp","href":"https:\/\/api.w.org\/{rel}","templated":true}]}}