{"id":23061,"date":"2025-06-17T10:53:08","date_gmt":"2025-06-17T08:53:08","guid":{"rendered":"https:\/\/agora.xtec.cat\/ceippladedalt\/?p=23061"},"modified":"2026-04-21T11:44:11","modified_gmt":"2026-04-21T09:44:11","slug":"omnium","status":"publish","type":"post","link":"https:\/\/agora.xtec.cat\/ceippladedalt\/general\/omnium\/","title":{"rendered":"\u00d2mnium"},"content":{"rendered":"\n<p><strong>Concurs Literari Infantil i Juvenil d&#8217;\u00d2mnium Garrotxa<\/strong><\/p>\n\n\n\n<p>Cada any, l&#8217;escola Pla de Dalt participa en el Concurs Literari Infantil i Juvenil d&#8217;\u00d2mnium Garrotxa en diferents categories. \u00c9s&nbsp;un certamen&nbsp;literari&nbsp;adre\u00e7at a totes les escoles i a tots els instituts de la comarca. Hi pot participar tot l&#8217;alumnat des dels 6 fins als 18 anys, sempre a trav\u00e9s dels centres educatius.<\/p>\n\n\n\n<p><strong>ANY 2026<\/strong><\/p>\n\n\n\n<p>51\u00e8 Concurs literari infantil i juvenil de la Garrotxa, celebrat el 12 d&#8217;abril a La Vall d&#8217;en Bas. En aquesta edici\u00f3 es va premiar a l&#8217;alumne <strong>Gael Dot<\/strong> de 5\u00e8 amb el 1r Premi de Prosa de Cicle Superior.<\/p>\n\n\n\n<figure class=\"wp-block-image size-large\"><a href=\"https:\/\/agora.xtec.cat\/ceippladedalt\/wp-content\/uploads\/usu2126\/2025\/06\/3F8B85DD-74FA-41CF-AEE0-46EBA3360825.jpeg\"><img loading=\"lazy\" decoding=\"async\" width=\"1024\" height=\"387\" src=\"https:\/\/agora.xtec.cat\/ceippladedalt\/wp-content\/uploads\/usu2126\/2025\/06\/3F8B85DD-74FA-41CF-AEE0-46EBA3360825-1024x387.jpeg\" alt=\"\" class=\"wp-image-23732\" srcset=\"https:\/\/agora.xtec.cat\/ceippladedalt\/wp-content\/uploads\/usu2126\/2025\/06\/3F8B85DD-74FA-41CF-AEE0-46EBA3360825-1024x387.jpeg 1024w, https:\/\/agora.xtec.cat\/ceippladedalt\/wp-content\/uploads\/usu2126\/2025\/06\/3F8B85DD-74FA-41CF-AEE0-46EBA3360825-300x113.jpeg 300w, https:\/\/agora.xtec.cat\/ceippladedalt\/wp-content\/uploads\/usu2126\/2025\/06\/3F8B85DD-74FA-41CF-AEE0-46EBA3360825-768x290.jpeg 768w, https:\/\/agora.xtec.cat\/ceippladedalt\/wp-content\/uploads\/usu2126\/2025\/06\/3F8B85DD-74FA-41CF-AEE0-46EBA3360825-1536x581.jpeg 1536w, https:\/\/agora.xtec.cat\/ceippladedalt\/wp-content\/uploads\/usu2126\/2025\/06\/3F8B85DD-74FA-41CF-AEE0-46EBA3360825.jpeg 2048w\" sizes=\"auto, (max-width: 1024px) 100vw, 1024px\" \/><\/a><\/figure>\n\n\n\n<p><strong>ANY 2025<\/strong><\/p>\n\n\n\n<p>Col\u00b7laboraci\u00f3 en el 50\u00e8 Concurs Literari Infantil i Juvenil de la Garrotxa 2025 organitzat per \u00d2mnium Garrotxa al Teatre Principal. Els <strong>alumnes de 4t han participat amb el Ball del drac Droc<\/strong>. <\/p>\n\n\n\n<figure class=\"wp-block-image size-large\"><a href=\"https:\/\/agora.xtec.cat\/ceippladedalt\/wp-content\/uploads\/usu2126\/2025\/06\/7ED8B73C-E119-4204-BBF1-D4D336B3A646.jpeg\"><img loading=\"lazy\" decoding=\"async\" width=\"1024\" height=\"387\" src=\"https:\/\/agora.xtec.cat\/ceippladedalt\/wp-content\/uploads\/usu2126\/2025\/06\/7ED8B73C-E119-4204-BBF1-D4D336B3A646-1024x387.jpeg\" alt=\"\" class=\"wp-image-23207\" srcset=\"https:\/\/agora.xtec.cat\/ceippladedalt\/wp-content\/uploads\/usu2126\/2025\/06\/7ED8B73C-E119-4204-BBF1-D4D336B3A646-1024x387.jpeg 1024w, https:\/\/agora.xtec.cat\/ceippladedalt\/wp-content\/uploads\/usu2126\/2025\/06\/7ED8B73C-E119-4204-BBF1-D4D336B3A646-300x113.jpeg 300w, https:\/\/agora.xtec.cat\/ceippladedalt\/wp-content\/uploads\/usu2126\/2025\/06\/7ED8B73C-E119-4204-BBF1-D4D336B3A646-768x290.jpeg 768w, https:\/\/agora.xtec.cat\/ceippladedalt\/wp-content\/uploads\/usu2126\/2025\/06\/7ED8B73C-E119-4204-BBF1-D4D336B3A646-1536x581.jpeg 1536w, https:\/\/agora.xtec.cat\/ceippladedalt\/wp-content\/uploads\/usu2126\/2025\/06\/7ED8B73C-E119-4204-BBF1-D4D336B3A646.jpeg 2048w\" sizes=\"auto, (max-width: 1024px) 100vw, 1024px\" \/><\/a><\/figure>\n\n\n\n<p><strong>ANY 2023<\/strong><\/p>\n\n\n\n<p>XLVIII Concurs literari infantil i juvenil de la Garrotxa, celebrat el 25 de mar\u00e7 a Sant Feliu de Pallerols. En aquesta edici\u00f3 es va premiar a l&#8217;alumne <strong>Jan Gassiot<\/strong> de 5\u00e8 amb el Premi de Prosa de Cicle Superior.<\/p>\n\n\n\n<figure class=\"wp-block-image size-large\"><a href=\"https:\/\/agora.xtec.cat\/ceippladedalt\/wp-content\/uploads\/usu2126\/2025\/06\/DA71C0AB-2D1F-4E21-93E0-94CCB6443062.jpeg\"><img loading=\"lazy\" decoding=\"async\" width=\"1024\" height=\"387\" src=\"https:\/\/agora.xtec.cat\/ceippladedalt\/wp-content\/uploads\/usu2126\/2025\/06\/DA71C0AB-2D1F-4E21-93E0-94CCB6443062-1024x387.jpeg\" alt=\"\" class=\"wp-image-23208\" srcset=\"https:\/\/agora.xtec.cat\/ceippladedalt\/wp-content\/uploads\/usu2126\/2025\/06\/DA71C0AB-2D1F-4E21-93E0-94CCB6443062-1024x387.jpeg 1024w, https:\/\/agora.xtec.cat\/ceippladedalt\/wp-content\/uploads\/usu2126\/2025\/06\/DA71C0AB-2D1F-4E21-93E0-94CCB6443062-300x113.jpeg 300w, https:\/\/agora.xtec.cat\/ceippladedalt\/wp-content\/uploads\/usu2126\/2025\/06\/DA71C0AB-2D1F-4E21-93E0-94CCB6443062-768x290.jpeg 768w, https:\/\/agora.xtec.cat\/ceippladedalt\/wp-content\/uploads\/usu2126\/2025\/06\/DA71C0AB-2D1F-4E21-93E0-94CCB6443062-1536x581.jpeg 1536w, https:\/\/agora.xtec.cat\/ceippladedalt\/wp-content\/uploads\/usu2126\/2025\/06\/DA71C0AB-2D1F-4E21-93E0-94CCB6443062.jpeg 2048w\" sizes=\"auto, (max-width: 1024px) 100vw, 1024px\" \/><\/a><\/figure>\n\n\n\n<p><strong>ANY 2022<\/strong><\/p>\n\n\n\n<p>XLVII Concurs literari infantil i juvenil de la Garrotxa, celebrat el 27 de mar\u00e7 a Castellfollit de la Roca. En aquesta edici\u00f3 es va premiar els alumnes <strong>Maria Jord\u00e0<\/strong> i <strong>Aniol Mart\u00edn<\/strong>  de 4t.<\/p>\n\n\n\n<figure class=\"wp-block-image size-large\"><a href=\"https:\/\/agora.xtec.cat\/ceippladedalt\/wp-content\/uploads\/usu2126\/2025\/06\/fcc88312-bb74-4f38-a4e9-11c214fc6626.jpg\"><img loading=\"lazy\" decoding=\"async\" width=\"1024\" height=\"768\" src=\"https:\/\/agora.xtec.cat\/ceippladedalt\/wp-content\/uploads\/usu2126\/2025\/06\/fcc88312-bb74-4f38-a4e9-11c214fc6626-1024x768.jpg\" alt=\"\" class=\"wp-image-23209\" srcset=\"https:\/\/agora.xtec.cat\/ceippladedalt\/wp-content\/uploads\/usu2126\/2025\/06\/fcc88312-bb74-4f38-a4e9-11c214fc6626-1024x768.jpg 1024w, https:\/\/agora.xtec.cat\/ceippladedalt\/wp-content\/uploads\/usu2126\/2025\/06\/fcc88312-bb74-4f38-a4e9-11c214fc6626-300x225.jpg 300w, https:\/\/agora.xtec.cat\/ceippladedalt\/wp-content\/uploads\/usu2126\/2025\/06\/fcc88312-bb74-4f38-a4e9-11c214fc6626-768x576.jpg 768w, https:\/\/agora.xtec.cat\/ceippladedalt\/wp-content\/uploads\/usu2126\/2025\/06\/fcc88312-bb74-4f38-a4e9-11c214fc6626-1536x1152.jpg 1536w, https:\/\/agora.xtec.cat\/ceippladedalt\/wp-content\/uploads\/usu2126\/2025\/06\/fcc88312-bb74-4f38-a4e9-11c214fc6626-200x150.jpg 200w, https:\/\/agora.xtec.cat\/ceippladedalt\/wp-content\/uploads\/usu2126\/2025\/06\/fcc88312-bb74-4f38-a4e9-11c214fc6626.jpg 2000w\" sizes=\"auto, (max-width: 1024px) 100vw, 1024px\" \/><\/a><\/figure>\n\n\n\n<p><strong>ANY 2021<\/strong><\/p>\n\n\n\n<p>XLVI Concurs literari infantil i juvenil de la Garrotxa, celebrat el 20 de mar\u00e7 a l&#8217;escola Sant Crist\u00f2fol de Les Planes d&#8217;Hostoles. En aquesta edici\u00f3 es va premiar la categoria de &#8220;text col\u00b7lectiu&#8221; dels alumnes de Cicle Superior que porta per t\u00edtol &#8220;La vida \u00e9s un joc&#8221;. Els alumnes de 6\u00e8C premiats van ser: <strong>Sofia Arteaga, Elna Borrell, Iona Bulbena, Guillem Hern\u00e1ndez, Aitor Ilarza, Harmanpreet Kaur, Daniel Kozachok, Marta Macia, Ibrahima Mballow, Laia Monturiol, Roc Pujol, Bernat Quer, Hugo Rama, Aissatou Tall, Quim Vayreda, Mart\u00ed Vico i \u00c8ric Wijnands<\/strong>.<\/p>\n\n\n\n<figure class=\"wp-block-image size-large\"><a href=\"https:\/\/agora.xtec.cat\/ceippladedalt\/wp-content\/uploads\/usu2126\/2025\/06\/IMG_7079.jpg\"><img loading=\"lazy\" decoding=\"async\" width=\"1024\" height=\"768\" src=\"https:\/\/agora.xtec.cat\/ceippladedalt\/wp-content\/uploads\/usu2126\/2025\/06\/IMG_7079-1024x768.jpg\" alt=\"\" class=\"wp-image-23210\" srcset=\"https:\/\/agora.xtec.cat\/ceippladedalt\/wp-content\/uploads\/usu2126\/2025\/06\/IMG_7079-1024x768.jpg 1024w, https:\/\/agora.xtec.cat\/ceippladedalt\/wp-content\/uploads\/usu2126\/2025\/06\/IMG_7079-300x225.jpg 300w, https:\/\/agora.xtec.cat\/ceippladedalt\/wp-content\/uploads\/usu2126\/2025\/06\/IMG_7079-768x576.jpg 768w, https:\/\/agora.xtec.cat\/ceippladedalt\/wp-content\/uploads\/usu2126\/2025\/06\/IMG_7079-1536x1152.jpg 1536w, https:\/\/agora.xtec.cat\/ceippladedalt\/wp-content\/uploads\/usu2126\/2025\/06\/IMG_7079-200x150.jpg 200w, https:\/\/agora.xtec.cat\/ceippladedalt\/wp-content\/uploads\/usu2126\/2025\/06\/IMG_7079.jpg 2016w\" sizes=\"auto, (max-width: 1024px) 100vw, 1024px\" \/><\/a><\/figure>\n","protected":false},"excerpt":{"rendered":"<p>Concurs Literari Infantil i Juvenil d&#8217;\u00d2mnium Garrotxa<\/p>\n<p>Cada any, l&#8217;escola Pla de Dalt participa en el Concurs Literari Infantil i Juvenil d&#8217;\u00d2mnium Garrotxa en diferents categories. \u00c9s&nbsp;un certamen&nbsp;literari&nbsp;adre\u00e7at a totes les escoles i a tots els instituts de la comarca. Hi pot participar tot l&#8217;alumnat des&hellip;  <a href=\"https:\/\/agora.xtec.cat\/ceippladedalt\/general\/omnium\/\" title=\"Read \u00d2mnium\">Llegeix m\u00e9s\u00bb<\/a><\/p>\n","protected":false},"author":1,"featured_media":0,"comment_status":"closed","ping_status":"closed","sticky":false,"template":"","format":"standard","meta":{"_bbp_topic_count":0,"_bbp_reply_count":0,"_bbp_total_topic_count":0,"_bbp_total_reply_count":0,"_bbp_voice_count":0,"_bbp_anonymous_reply_count":0,"_bbp_topic_count_hidden":0,"_bbp_reply_count_hidden":0,"_bbp_forum_subforum_count":0,"footnotes":""},"categories":[1],"tags":[],"class_list":["post-23061","post","type-post","status-publish","format-standard","hentry","category-general"],"post_mailing_queue_ids":[],"_links":{"self":[{"href":"https:\/\/agora.xtec.cat\/ceippladedalt\/wp-json\/wp\/v2\/posts\/23061","targetHints":{"allow":["GET"]}}],"collection":[{"href":"https:\/\/agora.xtec.cat\/ceippladedalt\/wp-json\/wp\/v2\/posts"}],"about":[{"href":"https:\/\/agora.xtec.cat\/ceippladedalt\/wp-json\/wp\/v2\/types\/post"}],"author":[{"embeddable":true,"href":"https:\/\/agora.xtec.cat\/ceippladedalt\/wp-json\/wp\/v2\/users\/1"}],"replies":[{"embeddable":true,"href":"https:\/\/agora.xtec.cat\/ceippladedalt\/wp-json\/wp\/v2\/comments?post=23061"}],"version-history":[{"count":5,"href":"https:\/\/agora.xtec.cat\/ceippladedalt\/wp-json\/wp\/v2\/posts\/23061\/revisions"}],"predecessor-version":[{"id":23733,"href":"https:\/\/agora.xtec.cat\/ceippladedalt\/wp-json\/wp\/v2\/posts\/23061\/revisions\/23733"}],"wp:attachment":[{"href":"https:\/\/agora.xtec.cat\/ceippladedalt\/wp-json\/wp\/v2\/media?parent=23061"}],"wp:term":[{"taxonomy":"category","embeddable":true,"href":"https:\/\/agora.xtec.cat\/ceippladedalt\/wp-json\/wp\/v2\/categories?post=23061"},{"taxonomy":"post_tag","embeddable":true,"href":"https:\/\/agora.xtec.cat\/ceippladedalt\/wp-json\/wp\/v2\/tags?post=23061"}],"curies":[{"name":"wp","href":"https:\/\/api.w.org\/{rel}","templated":true}]}}