{"id":22784,"date":"2025-05-26T15:50:11","date_gmt":"2025-05-26T13:50:11","guid":{"rendered":"https:\/\/agora.xtec.cat\/ceippladedalt\/?p=22784"},"modified":"2025-06-02T15:57:10","modified_gmt":"2025-06-02T13:57:10","slug":"festa-descola","status":"publish","type":"post","link":"https:\/\/agora.xtec.cat\/ceippladedalt\/portada\/festa-descola\/","title":{"rendered":"FESTA D&#8217;ESCOLA"},"content":{"rendered":"\n<p class=\"has-text-align-center\"><strong>PROGRAMA DE LA FESTA D&#8217;ESCOLA 2025<\/strong><\/p>\n\n\n\n<p>Aquest any els cursos han preparat les coreografies i assajat els balls d&#8217;aquesta festa que dediquem als grups musicals en catal\u00e0. La m\u00fasica km.0 com l&#8217;anomenem, ens acompanya de ben a prop i forma part de la nostra cultura i la nostra identitat. Els grups i les can\u00e7ons marquen les diferents etapes de la nostra vida i molts moments especials!<\/p>\n\n\n\n<figure class=\"wp-block-image size-large\"><a href=\"https:\/\/agora.xtec.cat\/ceippladedalt\/wp-content\/uploads\/usu2126\/2025\/05\/Programa-festa-2025-web-scaled.jpeg\"><img loading=\"lazy\" decoding=\"async\" width=\"1024\" height=\"512\" src=\"https:\/\/agora.xtec.cat\/ceippladedalt\/wp-content\/uploads\/usu2126\/2025\/05\/Programa-festa-2025-web-1024x512.jpeg\" alt=\"\" class=\"wp-image-22748\" srcset=\"https:\/\/agora.xtec.cat\/ceippladedalt\/wp-content\/uploads\/usu2126\/2025\/05\/Programa-festa-2025-web-1024x512.jpeg 1024w, https:\/\/agora.xtec.cat\/ceippladedalt\/wp-content\/uploads\/usu2126\/2025\/05\/Programa-festa-2025-web-300x150.jpeg 300w, https:\/\/agora.xtec.cat\/ceippladedalt\/wp-content\/uploads\/usu2126\/2025\/05\/Programa-festa-2025-web-768x384.jpeg 768w, https:\/\/agora.xtec.cat\/ceippladedalt\/wp-content\/uploads\/usu2126\/2025\/05\/Programa-festa-2025-web-1536x768.jpeg 1536w, https:\/\/agora.xtec.cat\/ceippladedalt\/wp-content\/uploads\/usu2126\/2025\/05\/Programa-festa-2025-web-2048x1024.jpeg 2048w\" sizes=\"auto, (max-width: 1024px) 100vw, 1024px\" \/><\/a><\/figure>\n\n\n\n<figure class=\"wp-block-image size-large\"><a href=\"https:\/\/agora.xtec.cat\/ceippladedalt\/wp-content\/uploads\/usu2126\/2025\/06\/BE0EB963-5D7C-4DBA-9BFD-2D33303543DA.jpeg\"><img loading=\"lazy\" decoding=\"async\" width=\"1024\" height=\"342\" src=\"https:\/\/agora.xtec.cat\/ceippladedalt\/wp-content\/uploads\/usu2126\/2025\/06\/BE0EB963-5D7C-4DBA-9BFD-2D33303543DA-1024x342.jpeg\" alt=\"\" class=\"wp-image-22785\" srcset=\"https:\/\/agora.xtec.cat\/ceippladedalt\/wp-content\/uploads\/usu2126\/2025\/06\/BE0EB963-5D7C-4DBA-9BFD-2D33303543DA-1024x342.jpeg 1024w, https:\/\/agora.xtec.cat\/ceippladedalt\/wp-content\/uploads\/usu2126\/2025\/06\/BE0EB963-5D7C-4DBA-9BFD-2D33303543DA-300x100.jpeg 300w, https:\/\/agora.xtec.cat\/ceippladedalt\/wp-content\/uploads\/usu2126\/2025\/06\/BE0EB963-5D7C-4DBA-9BFD-2D33303543DA-768x257.jpeg 768w, https:\/\/agora.xtec.cat\/ceippladedalt\/wp-content\/uploads\/usu2126\/2025\/06\/BE0EB963-5D7C-4DBA-9BFD-2D33303543DA-1536x513.jpeg 1536w, https:\/\/agora.xtec.cat\/ceippladedalt\/wp-content\/uploads\/usu2126\/2025\/06\/BE0EB963-5D7C-4DBA-9BFD-2D33303543DA.jpeg 2048w\" sizes=\"auto, (max-width: 1024px) 100vw, 1024px\" \/><\/a><\/figure>\n\n\n\n<p>Trobareu m\u00e9s fotografies i v\u00eddeos al Men\u00fa Festes!<\/p>\n\n\n\n<p><\/p>\n","protected":false},"excerpt":{"rendered":"<p>PROGRAMA DE LA FESTA D&#8217;ESCOLA 2025<\/p>\n<p>Aquest any els cursos han preparat les coreografies i assajat els balls d&#8217;aquesta festa que dediquem als grups musicals en catal\u00e0. La m\u00fasica km.0 com l&#8217;anomenem, ens acompanya de ben a prop i forma part de la nostra cultura i&hellip;  <a href=\"https:\/\/agora.xtec.cat\/ceippladedalt\/portada\/festa-descola\/\" title=\"Read FESTA D&#8217;ESCOLA\">Llegeix m\u00e9s\u00bb<\/a><\/p>\n","protected":false},"author":1,"featured_media":22785,"comment_status":"open","ping_status":"open","sticky":false,"template":"","format":"standard","meta":{"_bbp_topic_count":0,"_bbp_reply_count":0,"_bbp_total_topic_count":0,"_bbp_total_reply_count":0,"_bbp_voice_count":0,"_bbp_anonymous_reply_count":0,"_bbp_topic_count_hidden":0,"_bbp_reply_count_hidden":0,"_bbp_forum_subforum_count":0,"footnotes":""},"categories":[4],"tags":[],"class_list":["post-22784","post","type-post","status-publish","format-standard","has-post-thumbnail","hentry","category-portada"],"post_mailing_queue_ids":[],"_links":{"self":[{"href":"https:\/\/agora.xtec.cat\/ceippladedalt\/wp-json\/wp\/v2\/posts\/22784","targetHints":{"allow":["GET"]}}],"collection":[{"href":"https:\/\/agora.xtec.cat\/ceippladedalt\/wp-json\/wp\/v2\/posts"}],"about":[{"href":"https:\/\/agora.xtec.cat\/ceippladedalt\/wp-json\/wp\/v2\/types\/post"}],"author":[{"embeddable":true,"href":"https:\/\/agora.xtec.cat\/ceippladedalt\/wp-json\/wp\/v2\/users\/1"}],"replies":[{"embeddable":true,"href":"https:\/\/agora.xtec.cat\/ceippladedalt\/wp-json\/wp\/v2\/comments?post=22784"}],"version-history":[{"count":3,"href":"https:\/\/agora.xtec.cat\/ceippladedalt\/wp-json\/wp\/v2\/posts\/22784\/revisions"}],"predecessor-version":[{"id":22789,"href":"https:\/\/agora.xtec.cat\/ceippladedalt\/wp-json\/wp\/v2\/posts\/22784\/revisions\/22789"}],"wp:featuredmedia":[{"embeddable":true,"href":"https:\/\/agora.xtec.cat\/ceippladedalt\/wp-json\/wp\/v2\/media\/22785"}],"wp:attachment":[{"href":"https:\/\/agora.xtec.cat\/ceippladedalt\/wp-json\/wp\/v2\/media?parent=22784"}],"wp:term":[{"taxonomy":"category","embeddable":true,"href":"https:\/\/agora.xtec.cat\/ceippladedalt\/wp-json\/wp\/v2\/categories?post=22784"},{"taxonomy":"post_tag","embeddable":true,"href":"https:\/\/agora.xtec.cat\/ceippladedalt\/wp-json\/wp\/v2\/tags?post=22784"}],"curies":[{"name":"wp","href":"https:\/\/api.w.org\/{rel}","templated":true}]}}