{"id":2277,"date":"2021-05-11T10:04:46","date_gmt":"2021-05-11T08:04:46","guid":{"rendered":"https:\/\/agora.xtec.cat\/ceippladedalt\/?p=2277"},"modified":"2021-05-11T10:06:27","modified_gmt":"2021-05-11T08:06:27","slug":"estiu-riu-2021","status":"publish","type":"post","link":"https:\/\/agora.xtec.cat\/ceippladedalt\/portada\/estiu-riu-2021\/","title":{"rendered":"ESTIU RIU 2021"},"content":{"rendered":"<p><strong>A l\u2019estiu, viu noves experi\u00e8ncies!<\/strong><\/p>\n<p>Ja \u00e9s aqu\u00ed la 16a edici\u00f3 de la Guia Activa l\u2019Estiu \u2013 la Garrotxa 2021. Una publicaci\u00f3 que \u00e9s un referent<br \/>\ncada any i que t\u00e9 com a principal objectiu que tots els infants i joves de la comarca trobin una<br \/>\nalternativa adaptada a les seves necessitats per fer de l\u2019estiu un temps de gaudi i, alhora, una<br \/>\noportunitat d\u2019adquirir noves experi\u00e8ncies i aprenentatges.<br \/>\nAquesta publicaci\u00f3, en format digital, ha estat elaborada conjuntament pel Consell Comarcal de<br \/>\nla Garrotxa i l\u2019Ajuntament d\u2019Olot i t\u00e9 una doble vessant: l\u00fadica i educativa.<\/p>\n<p><a href=\"http:\/\/ime.olot.cat\/wp-content\/uploads\/2021\/04\/ActivaEstiu-2021.pdf\"><img loading=\"lazy\" decoding=\"async\" class=\"size-medium wp-image-2279 aligncenter\" src=\"https:\/\/agora.xtec.cat\/ceippladedalt\/wp-content\/uploads\/usu2126\/2021\/05\/Estiu-Riu-2021-300x208.jpg\" alt=\"\" width=\"300\" height=\"208\" srcset=\"https:\/\/agora.xtec.cat\/ceippladedalt\/wp-content\/uploads\/usu2126\/2021\/05\/Estiu-Riu-2021-300x208.jpg 300w, https:\/\/agora.xtec.cat\/ceippladedalt\/wp-content\/uploads\/usu2126\/2021\/05\/Estiu-Riu-2021.jpg 589w\" sizes=\"auto, (max-width: 300px) 100vw, 300px\" \/><\/a><\/p>\n<p>&nbsp;<\/p>\n","protected":false},"excerpt":{"rendered":"<p>A l\u2019estiu, viu noves experi\u00e8ncies!<br \/>\nJa \u00e9s aqu\u00ed la 16a edici\u00f3 de la Guia Activa l\u2019Estiu \u2013 la Garrotxa 2021. Una publicaci\u00f3 que \u00e9s un referent<br \/>\ncada any i que t\u00e9 com a principal objectiu que tots els infants i joves de la comarca trobin una<br \/>\nalternativa adaptada&hellip;  <a href=\"https:\/\/agora.xtec.cat\/ceippladedalt\/portada\/estiu-riu-2021\/\" title=\"Read ESTIU RIU 2021\">Llegeix m\u00e9s\u00bb<\/a><\/p>\n","protected":false},"author":1,"featured_media":2279,"comment_status":"open","ping_status":"closed","sticky":false,"template":"","format":"standard","meta":{"_bbp_topic_count":0,"_bbp_reply_count":0,"_bbp_total_topic_count":0,"_bbp_total_reply_count":0,"_bbp_voice_count":0,"_bbp_anonymous_reply_count":0,"_bbp_topic_count_hidden":0,"_bbp_reply_count_hidden":0,"_bbp_forum_subforum_count":0,"footnotes":""},"categories":[4],"tags":[],"class_list":["post-2277","post","type-post","status-publish","format-standard","has-post-thumbnail","hentry","category-portada"],"post_mailing_queue_ids":[],"_links":{"self":[{"href":"https:\/\/agora.xtec.cat\/ceippladedalt\/wp-json\/wp\/v2\/posts\/2277","targetHints":{"allow":["GET"]}}],"collection":[{"href":"https:\/\/agora.xtec.cat\/ceippladedalt\/wp-json\/wp\/v2\/posts"}],"about":[{"href":"https:\/\/agora.xtec.cat\/ceippladedalt\/wp-json\/wp\/v2\/types\/post"}],"author":[{"embeddable":true,"href":"https:\/\/agora.xtec.cat\/ceippladedalt\/wp-json\/wp\/v2\/users\/1"}],"replies":[{"embeddable":true,"href":"https:\/\/agora.xtec.cat\/ceippladedalt\/wp-json\/wp\/v2\/comments?post=2277"}],"version-history":[{"count":2,"href":"https:\/\/agora.xtec.cat\/ceippladedalt\/wp-json\/wp\/v2\/posts\/2277\/revisions"}],"predecessor-version":[{"id":2281,"href":"https:\/\/agora.xtec.cat\/ceippladedalt\/wp-json\/wp\/v2\/posts\/2277\/revisions\/2281"}],"wp:featuredmedia":[{"embeddable":true,"href":"https:\/\/agora.xtec.cat\/ceippladedalt\/wp-json\/wp\/v2\/media\/2279"}],"wp:attachment":[{"href":"https:\/\/agora.xtec.cat\/ceippladedalt\/wp-json\/wp\/v2\/media?parent=2277"}],"wp:term":[{"taxonomy":"category","embeddable":true,"href":"https:\/\/agora.xtec.cat\/ceippladedalt\/wp-json\/wp\/v2\/categories?post=2277"},{"taxonomy":"post_tag","embeddable":true,"href":"https:\/\/agora.xtec.cat\/ceippladedalt\/wp-json\/wp\/v2\/tags?post=2277"}],"curies":[{"name":"wp","href":"https:\/\/api.w.org\/{rel}","templated":true}]}}