{"id":22768,"date":"2025-05-27T07:45:52","date_gmt":"2025-05-27T05:45:52","guid":{"rendered":"https:\/\/agora.xtec.cat\/ceippladedalt\/?p=22768"},"modified":"2025-05-27T07:46:35","modified_gmt":"2025-05-27T05:46:35","slug":"albums-illustrats","status":"publish","type":"post","link":"https:\/\/agora.xtec.cat\/ceippladedalt\/cursos\/3r\/albums-illustrats\/","title":{"rendered":"\u00c0lbums il\u00b7lustrats"},"content":{"rendered":"\n<p>Aquest maig hem fet l&#8217;\u00faltim dels tres tallers de lectura &#8220;\u00c0lbum, mirall i finestra&#8221;. L&#8217;\u00c0gata ens ha presentat una nova caixa de llibres il\u00b7lustrats preciosos per gaudir-ne aquest tercer trimestre. \u00c0lbums que ens parlen dels temps i dels canvis, de com el temps canvia i transforma les coses, \u00e0lbums on cal llegir les imatges. <\/p>\n\n\n\n<p>I hem acabat el taller tot creant hist\u00f2ries de transformacions molt originals \ud83d\ude42<\/p>\n\n\n\n<p>Podeu veure algunes fotos clicant a la icona &#8220;fotografies&#8221; del web, a la carpeta &#8220;3r trimestre&#8221;. <\/p>\n\n\n\n<figure class=\"wp-block-image size-full\"><a href=\"https:\/\/agora.xtec.cat\/ceippladedalt\/wp-content\/uploads\/usu2126\/2025\/05\/1-3.jpg\"><img loading=\"lazy\" decoding=\"async\" width=\"902\" height=\"831\" src=\"https:\/\/agora.xtec.cat\/ceippladedalt\/wp-content\/uploads\/usu2126\/2025\/05\/1-3.jpg\" alt=\"\" class=\"wp-image-22771\" srcset=\"https:\/\/agora.xtec.cat\/ceippladedalt\/wp-content\/uploads\/usu2126\/2025\/05\/1-3.jpg 902w, https:\/\/agora.xtec.cat\/ceippladedalt\/wp-content\/uploads\/usu2126\/2025\/05\/1-3-300x276.jpg 300w, https:\/\/agora.xtec.cat\/ceippladedalt\/wp-content\/uploads\/usu2126\/2025\/05\/1-3-768x708.jpg 768w\" sizes=\"auto, (max-width: 902px) 100vw, 902px\" \/><\/a><\/figure>\n","protected":false},"excerpt":{"rendered":"<p>Aquest maig hem fet l&#8217;\u00faltim dels tres tallers de lectura &#8220;\u00c0lbum, mirall i finestra&#8221;. L&#8217;\u00c0gata ens ha presentat una nova caixa de llibres il\u00b7lustrats preciosos per gaudir-ne aquest tercer trimestre. \u00c0lbums que ens parlen dels temps i dels canvis, de com el temps canvia i&hellip;  <a href=\"https:\/\/agora.xtec.cat\/ceippladedalt\/cursos\/3r\/albums-illustrats\/\" title=\"Read \u00c0lbums il\u00b7lustrats\">Llegeix m\u00e9s\u00bb<\/a><\/p>\n","protected":false},"author":69,"featured_media":22769,"comment_status":"open","ping_status":"open","sticky":false,"template":"","format":"standard","meta":{"_bbp_topic_count":0,"_bbp_reply_count":0,"_bbp_total_topic_count":0,"_bbp_total_reply_count":0,"_bbp_voice_count":0,"_bbp_anonymous_reply_count":0,"_bbp_topic_count_hidden":0,"_bbp_reply_count_hidden":0,"_bbp_forum_subforum_count":0,"footnotes":""},"categories":[12],"tags":[],"class_list":["post-22768","post","type-post","status-publish","format-standard","has-post-thumbnail","hentry","category-3r"],"post_mailing_queue_ids":[],"_links":{"self":[{"href":"https:\/\/agora.xtec.cat\/ceippladedalt\/wp-json\/wp\/v2\/posts\/22768","targetHints":{"allow":["GET"]}}],"collection":[{"href":"https:\/\/agora.xtec.cat\/ceippladedalt\/wp-json\/wp\/v2\/posts"}],"about":[{"href":"https:\/\/agora.xtec.cat\/ceippladedalt\/wp-json\/wp\/v2\/types\/post"}],"author":[{"embeddable":true,"href":"https:\/\/agora.xtec.cat\/ceippladedalt\/wp-json\/wp\/v2\/users\/69"}],"replies":[{"embeddable":true,"href":"https:\/\/agora.xtec.cat\/ceippladedalt\/wp-json\/wp\/v2\/comments?post=22768"}],"version-history":[{"count":2,"href":"https:\/\/agora.xtec.cat\/ceippladedalt\/wp-json\/wp\/v2\/posts\/22768\/revisions"}],"predecessor-version":[{"id":22772,"href":"https:\/\/agora.xtec.cat\/ceippladedalt\/wp-json\/wp\/v2\/posts\/22768\/revisions\/22772"}],"wp:featuredmedia":[{"embeddable":true,"href":"https:\/\/agora.xtec.cat\/ceippladedalt\/wp-json\/wp\/v2\/media\/22769"}],"wp:attachment":[{"href":"https:\/\/agora.xtec.cat\/ceippladedalt\/wp-json\/wp\/v2\/media?parent=22768"}],"wp:term":[{"taxonomy":"category","embeddable":true,"href":"https:\/\/agora.xtec.cat\/ceippladedalt\/wp-json\/wp\/v2\/categories?post=22768"},{"taxonomy":"post_tag","embeddable":true,"href":"https:\/\/agora.xtec.cat\/ceippladedalt\/wp-json\/wp\/v2\/tags?post=22768"}],"curies":[{"name":"wp","href":"https:\/\/api.w.org\/{rel}","templated":true}]}}