{"id":22728,"date":"2025-05-14T08:04:30","date_gmt":"2025-05-14T06:04:30","guid":{"rendered":"https:\/\/agora.xtec.cat\/ceippladedalt\/?p=22728"},"modified":"2025-05-14T08:06:37","modified_gmt":"2025-05-14T06:06:37","slug":"turonet-a-la-primavera","status":"publish","type":"post","link":"https:\/\/agora.xtec.cat\/ceippladedalt\/cursos\/turonet-a-la-primavera\/","title":{"rendered":"TURONET A LA PRIMAVERA"},"content":{"rendered":"\n<p>Les classes dels Micos i dels Gats hem anat al turonet. En David ens ha ensenyat a observar els canvis en els paisatge en l&#8217;arribada de la primavera. Tamb\u00e9 hem trobat molts insectes, i els pogut observar molt b\u00e9!!Si cliqueu la Icona de la c\u00e0mera aneu a la carpeta 14 i trobareu totes les fotos.<\/p>\n","protected":false},"excerpt":{"rendered":"<p>Les classes dels Micos i dels Gats hem anat al turonet. En David ens ha ensenyat a observar els canvis en els paisatge en l&#8217;arribada de la primavera. Tamb\u00e9 hem trobat molts insectes, i els pogut observar molt b\u00e9!!Si cliqueu la Icona de la c\u00e0mera&hellip;  <a href=\"https:\/\/agora.xtec.cat\/ceippladedalt\/cursos\/turonet-a-la-primavera\/\" title=\"Read TURONET A LA PRIMAVERA\">Llegeix m\u00e9s\u00bb<\/a><\/p>\n","protected":false},"author":91,"featured_media":22729,"comment_status":"open","ping_status":"open","sticky":false,"template":"","format":"standard","meta":{"_bbp_topic_count":0,"_bbp_reply_count":0,"_bbp_total_topic_count":0,"_bbp_total_reply_count":0,"_bbp_voice_count":0,"_bbp_anonymous_reply_count":0,"_bbp_topic_count_hidden":0,"_bbp_reply_count_hidden":0,"_bbp_forum_subforum_count":0,"footnotes":""},"categories":[5,65],"tags":[],"class_list":["post-22728","post","type-post","status-publish","format-standard","has-post-thumbnail","hentry","category-cursos","category-i5"],"post_mailing_queue_ids":[],"_links":{"self":[{"href":"https:\/\/agora.xtec.cat\/ceippladedalt\/wp-json\/wp\/v2\/posts\/22728","targetHints":{"allow":["GET"]}}],"collection":[{"href":"https:\/\/agora.xtec.cat\/ceippladedalt\/wp-json\/wp\/v2\/posts"}],"about":[{"href":"https:\/\/agora.xtec.cat\/ceippladedalt\/wp-json\/wp\/v2\/types\/post"}],"author":[{"embeddable":true,"href":"https:\/\/agora.xtec.cat\/ceippladedalt\/wp-json\/wp\/v2\/users\/91"}],"replies":[{"embeddable":true,"href":"https:\/\/agora.xtec.cat\/ceippladedalt\/wp-json\/wp\/v2\/comments?post=22728"}],"version-history":[{"count":2,"href":"https:\/\/agora.xtec.cat\/ceippladedalt\/wp-json\/wp\/v2\/posts\/22728\/revisions"}],"predecessor-version":[{"id":22731,"href":"https:\/\/agora.xtec.cat\/ceippladedalt\/wp-json\/wp\/v2\/posts\/22728\/revisions\/22731"}],"wp:featuredmedia":[{"embeddable":true,"href":"https:\/\/agora.xtec.cat\/ceippladedalt\/wp-json\/wp\/v2\/media\/22729"}],"wp:attachment":[{"href":"https:\/\/agora.xtec.cat\/ceippladedalt\/wp-json\/wp\/v2\/media?parent=22728"}],"wp:term":[{"taxonomy":"category","embeddable":true,"href":"https:\/\/agora.xtec.cat\/ceippladedalt\/wp-json\/wp\/v2\/categories?post=22728"},{"taxonomy":"post_tag","embeddable":true,"href":"https:\/\/agora.xtec.cat\/ceippladedalt\/wp-json\/wp\/v2\/tags?post=22728"}],"curies":[{"name":"wp","href":"https:\/\/api.w.org\/{rel}","templated":true}]}}