{"id":22603,"date":"2025-04-23T15:33:19","date_gmt":"2025-04-23T13:33:19","guid":{"rendered":"https:\/\/agora.xtec.cat\/ceippladedalt\/?p=22603"},"modified":"2025-04-24T15:42:11","modified_gmt":"2025-04-24T13:42:11","slug":"revista-drac-droc","status":"publish","type":"post","link":"https:\/\/agora.xtec.cat\/ceippladedalt\/cursos\/i3\/revista-drac-droc\/","title":{"rendered":"REVISTA DRAC DROC"},"content":{"rendered":"\n<p class=\"has-text-align-center has-medium-font-size\"><strong>Ja tenim el nou n\u00famero de la&nbsp;revista&nbsp;de l&#8217;escola!<\/strong><br>Coincidint amb la<strong>&nbsp;Diada de Sant Jordi<\/strong><img decoding=\"async\" src=\"https:\/\/fonts.gstatic.com\/s\/e\/notoemoji\/16.0\/1f339\/32.png\" alt=\"\ud83c\udf39\"><img decoding=\"async\" src=\"https:\/\/fonts.gstatic.com\/s\/e\/notoemoji\/16.0\/1f4da\/32.png\" alt=\"\ud83d\udcda\">&nbsp;ja podeu llegir el&nbsp;<a href=\"https:\/\/view.genially.com\/67857a4f8ad457cea88bacde\/dossier-revista-2024-25\" target=\"_blank\" rel=\"noreferrer noopener\">n\u00famero 21 del DRAC DROC.<\/a><br><strong>Els tallers: una experi\u00e8ncia d&#8217;aprenentatge que transforma!<\/strong><br>Tamb\u00e9 la podeu trobar en el men\u00fa&nbsp;REVISTA&nbsp;de la web de l&#8217;escola o a l&#8217;enlla\u00e7 de la imatge.<\/p>\n\n\n\n<p class=\"has-text-align-center has-medium-font-size\"><strong>Que comenci el joc &#8230;<\/strong><\/p>\n\n\n<div class=\"wp-block-image\">\n<figure class=\"aligncenter size-full is-resized\"><a href=\"https:\/\/agora.xtec.cat\/ceippladedalt\/wp-content\/uploads\/usu2126\/2025\/04\/image.png\"><img loading=\"lazy\" decoding=\"async\" width=\"201\" height=\"157\" src=\"https:\/\/agora.xtec.cat\/ceippladedalt\/wp-content\/uploads\/usu2126\/2025\/04\/image.png\" alt=\"\" class=\"wp-image-22606\" style=\"width:215px;height:auto\"\/><\/a><\/figure><\/div>\n\n\n<p><\/p>\n\n\n","protected":false},"excerpt":{"rendered":"<p>Ja tenim el nou n\u00famero de la&nbsp;revista&nbsp;de l&#8217;escola!Coincidint amb la&nbsp;Diada de Sant Jordi&nbsp;ja podeu llegir el&nbsp;<a href=\"https:\/\/view.genially.com\/67857a4f8ad457cea88bacde\/dossier-revista-2024-25\" target=\"_blank\" rel=\"noreferrer noopener\">n\u00famero 21 del DRAC DROC.<\/a>Els tallers: una experi\u00e8ncia d&#8217;aprenentatge que transforma!Tamb\u00e9 la podeu trobar en el men\u00fa&nbsp;REVISTA&nbsp;de la web de l&#8217;escola o a l&#8217;enlla\u00e7 de la&hellip;  <a href=\"https:\/\/agora.xtec.cat\/ceippladedalt\/cursos\/i3\/revista-drac-droc\/\" title=\"Read REVISTA DRAC DROC\">Llegeix m\u00e9s\u00bb<\/a><\/p>\n","protected":false},"author":1,"featured_media":22582,"comment_status":"open","ping_status":"open","sticky":false,"template":"","format":"standard","meta":{"_bbp_topic_count":0,"_bbp_reply_count":0,"_bbp_total_topic_count":0,"_bbp_total_reply_count":0,"_bbp_voice_count":0,"_bbp_anonymous_reply_count":0,"_bbp_topic_count_hidden":0,"_bbp_reply_count_hidden":0,"_bbp_forum_subforum_count":0,"footnotes":""},"categories":[10,11,12,13,14,15,3,8,65,4],"tags":[],"class_list":["post-22603","post","type-post","status-publish","format-standard","has-post-thumbnail","hentry","category-1r","category-2n","category-3r","category-4t","category-5e","category-6e","category-i3","category-i4","category-i5","category-portada"],"post_mailing_queue_ids":[],"_links":{"self":[{"href":"https:\/\/agora.xtec.cat\/ceippladedalt\/wp-json\/wp\/v2\/posts\/22603","targetHints":{"allow":["GET"]}}],"collection":[{"href":"https:\/\/agora.xtec.cat\/ceippladedalt\/wp-json\/wp\/v2\/posts"}],"about":[{"href":"https:\/\/agora.xtec.cat\/ceippladedalt\/wp-json\/wp\/v2\/types\/post"}],"author":[{"embeddable":true,"href":"https:\/\/agora.xtec.cat\/ceippladedalt\/wp-json\/wp\/v2\/users\/1"}],"replies":[{"embeddable":true,"href":"https:\/\/agora.xtec.cat\/ceippladedalt\/wp-json\/wp\/v2\/comments?post=22603"}],"version-history":[{"count":4,"href":"https:\/\/agora.xtec.cat\/ceippladedalt\/wp-json\/wp\/v2\/posts\/22603\/revisions"}],"predecessor-version":[{"id":22608,"href":"https:\/\/agora.xtec.cat\/ceippladedalt\/wp-json\/wp\/v2\/posts\/22603\/revisions\/22608"}],"wp:featuredmedia":[{"embeddable":true,"href":"https:\/\/agora.xtec.cat\/ceippladedalt\/wp-json\/wp\/v2\/media\/22582"}],"wp:attachment":[{"href":"https:\/\/agora.xtec.cat\/ceippladedalt\/wp-json\/wp\/v2\/media?parent=22603"}],"wp:term":[{"taxonomy":"category","embeddable":true,"href":"https:\/\/agora.xtec.cat\/ceippladedalt\/wp-json\/wp\/v2\/categories?post=22603"},{"taxonomy":"post_tag","embeddable":true,"href":"https:\/\/agora.xtec.cat\/ceippladedalt\/wp-json\/wp\/v2\/tags?post=22603"}],"curies":[{"name":"wp","href":"https:\/\/api.w.org\/{rel}","templated":true}]}}