{"id":22558,"date":"2025-04-17T14:25:17","date_gmt":"2025-04-17T12:25:17","guid":{"rendered":"https:\/\/agora.xtec.cat\/ceippladedalt\/?p=22558"},"modified":"2025-04-17T15:09:10","modified_gmt":"2025-04-17T13:09:10","slug":"recomanacions-sant-jordi-2025","status":"publish","type":"post","link":"https:\/\/agora.xtec.cat\/ceippladedalt\/portada\/recomanacions-sant-jordi-2025\/","title":{"rendered":"RECOMANACIONS SANT JORDI 2025"},"content":{"rendered":"<div class=\"wp-block-image\">\n<figure class=\"aligncenter size-full\"><a href=\"https:\/\/agora.xtec.cat\/ceippladedalt\/wp-content\/uploads\/usu2126\/2025\/04\/SANT-JORDI-2025.png\"><img loading=\"lazy\" decoding=\"async\" width=\"512\" height=\"512\" src=\"https:\/\/agora.xtec.cat\/ceippladedalt\/wp-content\/uploads\/usu2126\/2025\/04\/SANT-JORDI-2025.png\" alt=\"\" class=\"wp-image-22560\" srcset=\"https:\/\/agora.xtec.cat\/ceippladedalt\/wp-content\/uploads\/usu2126\/2025\/04\/SANT-JORDI-2025.png 512w, https:\/\/agora.xtec.cat\/ceippladedalt\/wp-content\/uploads\/usu2126\/2025\/04\/SANT-JORDI-2025-300x300.png 300w, https:\/\/agora.xtec.cat\/ceippladedalt\/wp-content\/uploads\/usu2126\/2025\/04\/SANT-JORDI-2025-150x150.png 150w\" sizes=\"auto, (max-width: 512px) 100vw, 512px\" \/><\/a><\/figure><\/div>\n\n\n<p>S&#8217;acosta St. Jordi i qu\u00e8 millor que un llibre per a gaudir d&#8217;aquesta diada. A continuaci\u00f3 us deixem una s\u00e8rie d&#8217;enlla\u00e7os amb recomanacions.<\/p>\n\n\n\n<p><a href=\"https:\/\/www.canva.com\/design\/DAGZoG2bLEg\/ckHVtNXw5LG2bihRzqqORw\/edit?utm_content=DAGZoG2bLEg&amp;utm_campaign=designshare&amp;utm_medium=link2&amp;utm_source=sharebutton\" target=\"_blank\" rel=\"noreferrer noopener\">GUIA DE LECTURA SANT JORDI 2025<\/a><\/p>\n\n\n\n<p><a href=\"https:\/\/drive.google.com\/file\/d\/1L9Ewrt_z7ISOOWeItYuDAGAOZujN6y7e\/view?usp=drive_link\">GUIA LITERATURA INFANTIL I JUVENIL PRIMAVERA<\/a><\/p>\n\n\n\n<p><a href=\"https:\/\/gretel.cat\/recomanacions-lij\" target=\"_blank\" rel=\"noreferrer noopener\">https:\/\/gretel.cat\/recomanacions-lij<\/a><\/p>\n\n\n\n<p><a href=\"https:\/\/www.menutsgirona.cat\/ca\/blog\/llibres\/recomanacions-per-sant-jordi\" target=\"_blank\" rel=\"noreferrer noopener\">https:\/\/www.menutsgirona.cat\/ca\/blog\/llibres\/recomanacions-per-sant-jordi<\/a><\/p>\n\n\n\n<p><a href=\"https:\/\/genius.diba.cat\/ca\/santjordi\" target=\"_blank\" rel=\"noreferrer noopener\">https:\/\/genius.diba.cat\/ca\/santjordi<\/a><\/p>\n\n\n\n<p><\/p>\n\n\n\n<p><strong>Llegir \u00e9s com tenir una clau m\u00e0gica que obre portes a mons imaginaris, plens d&#8217;aventures, amics fant\u00e0stics i somnis sense fi.<\/strong><\/p>\n","protected":false},"excerpt":{"rendered":"<p><a href=\"https:\/\/agora.xtec.cat\/ceippladedalt\/wp-content\/uploads\/usu2126\/2025\/04\/SANT-JORDI-2025.png\"><\/a><\/p>\n<p>S&#8217;acosta St. Jordi i qu\u00e8 millor que un llibre per a gaudir d&#8217;aquesta diada. A continuaci\u00f3 us deixem una s\u00e8rie d&#8217;enlla\u00e7os amb recomanacions.<\/p>\n<p><a href=\"https:\/\/www.canva.com\/design\/DAGZoG2bLEg\/ckHVtNXw5LG2bihRzqqORw\/edit?utm_content=DAGZoG2bLEg&amp;utm_campaign=designshare&amp;utm_medium=link2&amp;utm_source=sharebutton\" target=\"_blank\" rel=\"noreferrer noopener\">GUIA DE LECTURA SANT JORDI 2025<\/a><\/p>\n<p><a href=\"https:\/\/drive.google.com\/file\/d\/1L9Ewrt_z7ISOOWeItYuDAGAOZujN6y7e\/view?usp=drive_link\">GUIA LITERATURA INFANTIL I JUVENIL PRIMAVERA<\/a><\/p>\n<p><a href=\"https:\/\/gretel.cat\/recomanacions-lij\" target=\"_blank\" rel=\"noreferrer noopener\">https:\/\/gretel.cat\/recomanacions-lij<\/a><\/p>\n<p><a href=\"https:\/\/www.menutsgirona.cat\/ca\/blog\/llibres\/recomanacions-per-sant-jordi\" target=\"_blank\"&hellip;  <a href=\"https:\/\/agora.xtec.cat\/ceippladedalt\/portada\/recomanacions-sant-jordi-2025\/\" title=\"Read RECOMANACIONS SANT JORDI 2025\">Llegeix m\u00e9s\u00bb<\/a><\/p>\n","protected":false},"author":52,"featured_media":22560,"comment_status":"open","ping_status":"open","sticky":false,"template":"","format":"standard","meta":{"_bbp_topic_count":0,"_bbp_reply_count":0,"_bbp_total_topic_count":0,"_bbp_total_reply_count":0,"_bbp_voice_count":0,"_bbp_anonymous_reply_count":0,"_bbp_topic_count_hidden":0,"_bbp_reply_count_hidden":0,"_bbp_forum_subforum_count":0,"footnotes":""},"categories":[133,5,4],"tags":[],"class_list":["post-22558","post","type-post","status-publish","format-standard","has-post-thumbnail","hentry","category-biblioteca-categoria","category-cursos","category-portada"],"post_mailing_queue_ids":[],"_links":{"self":[{"href":"https:\/\/agora.xtec.cat\/ceippladedalt\/wp-json\/wp\/v2\/posts\/22558","targetHints":{"allow":["GET"]}}],"collection":[{"href":"https:\/\/agora.xtec.cat\/ceippladedalt\/wp-json\/wp\/v2\/posts"}],"about":[{"href":"https:\/\/agora.xtec.cat\/ceippladedalt\/wp-json\/wp\/v2\/types\/post"}],"author":[{"embeddable":true,"href":"https:\/\/agora.xtec.cat\/ceippladedalt\/wp-json\/wp\/v2\/users\/52"}],"replies":[{"embeddable":true,"href":"https:\/\/agora.xtec.cat\/ceippladedalt\/wp-json\/wp\/v2\/comments?post=22558"}],"version-history":[{"count":5,"href":"https:\/\/agora.xtec.cat\/ceippladedalt\/wp-json\/wp\/v2\/posts\/22558\/revisions"}],"predecessor-version":[{"id":22565,"href":"https:\/\/agora.xtec.cat\/ceippladedalt\/wp-json\/wp\/v2\/posts\/22558\/revisions\/22565"}],"wp:featuredmedia":[{"embeddable":true,"href":"https:\/\/agora.xtec.cat\/ceippladedalt\/wp-json\/wp\/v2\/media\/22560"}],"wp:attachment":[{"href":"https:\/\/agora.xtec.cat\/ceippladedalt\/wp-json\/wp\/v2\/media?parent=22558"}],"wp:term":[{"taxonomy":"category","embeddable":true,"href":"https:\/\/agora.xtec.cat\/ceippladedalt\/wp-json\/wp\/v2\/categories?post=22558"},{"taxonomy":"post_tag","embeddable":true,"href":"https:\/\/agora.xtec.cat\/ceippladedalt\/wp-json\/wp\/v2\/tags?post=22558"}],"curies":[{"name":"wp","href":"https:\/\/api.w.org\/{rel}","templated":true}]}}