{"id":22498,"date":"2025-03-26T07:52:01","date_gmt":"2025-03-26T06:52:01","guid":{"rendered":"https:\/\/agora.xtec.cat\/ceippladedalt\/?p=22498"},"modified":"2025-05-01T23:32:23","modified_gmt":"2025-05-01T21:32:23","slug":"continuem-descobrint-olot","status":"publish","type":"post","link":"https:\/\/agora.xtec.cat\/ceippladedalt\/cursos\/3r\/continuem-descobrint-olot\/","title":{"rendered":"CONTINUEM DESCOBRINT OLOT"},"content":{"rendered":"\n<p>Continuem treballant la segona situaci\u00f3 d&#8217;aprenentatge del curs que ens est\u00e0 portant a descobrint  la ciutat d&#8217;Olot, l&#8217;alimentaci\u00f3 saludable i els mitjans de comunicaci\u00f3 i TIC. Cada vegada estem m\u00e9s preparats per arribar a la part final del nostre repte i elaborar l&#8217;anunci radiof\u00f2nic per promocionar la ciutat d&#8217;Olot i la seva gastronomia. Recapitulem:<\/p>\n\n\n\n<ul class=\"wp-block-list\">\n<li>hem conengut de prop el funcionament d&#8217;uns estudis de radio i televisi\u00f3<\/li>\n\n\n\n<li>hem descoberts diferents aspectes de la nostra ciutat: serveis, medi ambient, comer\u00e7, gastronomia, barris&#8230; mentre hem apr\u00e8s a treballar en equip fent una presentaci\u00f3 de diapositives col\u00b7laborativa al Classroom. <\/li>\n\n\n\n<li>hem comen\u00e7at a visitar alguns edificis, espais i equipaments emblem\u00e0tics de la ciutat. Hem visitat de prop el mercat d&#8217;Olot, el museu Comarcal, l&#8217;espai Cr\u00e0ter i el teatre Principal, i hem fet una ruta tot passejant per la ciutat i descobrint els seus espais i edificis m\u00e9s emblem\u00e0tics. <\/li>\n<\/ul>\n\n\n\n<p>Aix\u00ed doncs, ara ja sabem tantes coses noves de la nostra ciutat i de la seva gastronomia que ja podem comen\u00e7ar a rumiar com ser\u00e0 el nostre anunci de r\u00e0dio&#8230;. endavant equips de treball!<\/p>\n\n\n\n<p>Us recordem que podeu totes les fotos de les sortides clicant a la icona &#8220;c\u00e0mara de fotos&#8221; del blog<\/p>\n\n\n\n<figure class=\"wp-block-image size-full\"><a href=\"https:\/\/agora.xtec.cat\/ceippladedalt\/wp-content\/uploads\/usu2126\/2025\/03\/olot-2.jpg\"><img loading=\"lazy\" decoding=\"async\" width=\"671\" height=\"895\" src=\"https:\/\/agora.xtec.cat\/ceippladedalt\/wp-content\/uploads\/usu2126\/2025\/03\/olot-2.jpg\" alt=\"\" class=\"wp-image-22495\" srcset=\"https:\/\/agora.xtec.cat\/ceippladedalt\/wp-content\/uploads\/usu2126\/2025\/03\/olot-2.jpg 671w, https:\/\/agora.xtec.cat\/ceippladedalt\/wp-content\/uploads\/usu2126\/2025\/03\/olot-2-225x300.jpg 225w\" sizes=\"auto, (max-width: 671px) 100vw, 671px\" \/><\/a><\/figure>\n\n\n\n<p><\/p>\n\n\n\n<p>Clicant a la icona &#8220;c\u00e0mara de fotos&#8221; del curs podeu veure les fotografies de la nostra visita al taller de la Rosa Serra que amablement ens va obrir les portes i va compartir amb nosaltres un boc\u00ed de la seva vida. I, finalment, tamb\u00e9 us compartim algunes imatges de la pujada al Montsacopa per situar els barris de la nostra ciutat i dibuixar el nostre meravell\u00f2s paissatge!<\/p>\n","protected":false},"excerpt":{"rendered":"<p>Continuem treballant la segona situaci\u00f3 d&#8217;aprenentatge del curs que ens est\u00e0 portant a descobrint  la ciutat d&#8217;Olot, l&#8217;alimentaci\u00f3 saludable i els mitjans de comunicaci\u00f3 i TIC. Cada vegada estem m\u00e9s preparats per arribar a la part final del nostre repte i elaborar l&#8217;anunci radiof\u00f2nic&hellip;  <a href=\"https:\/\/agora.xtec.cat\/ceippladedalt\/cursos\/3r\/continuem-descobrint-olot\/\" title=\"Read CONTINUEM DESCOBRINT OLOT\">Llegeix m\u00e9s\u00bb<\/a><\/p>\n","protected":false},"author":69,"featured_media":22495,"comment_status":"open","ping_status":"open","sticky":false,"template":"","format":"standard","meta":{"_bbp_topic_count":0,"_bbp_reply_count":0,"_bbp_total_topic_count":0,"_bbp_total_reply_count":0,"_bbp_voice_count":0,"_bbp_anonymous_reply_count":0,"_bbp_topic_count_hidden":0,"_bbp_reply_count_hidden":0,"_bbp_forum_subforum_count":0,"footnotes":""},"categories":[12],"tags":[],"class_list":["post-22498","post","type-post","status-publish","format-standard","has-post-thumbnail","hentry","category-3r"],"post_mailing_queue_ids":[],"_links":{"self":[{"href":"https:\/\/agora.xtec.cat\/ceippladedalt\/wp-json\/wp\/v2\/posts\/22498","targetHints":{"allow":["GET"]}}],"collection":[{"href":"https:\/\/agora.xtec.cat\/ceippladedalt\/wp-json\/wp\/v2\/posts"}],"about":[{"href":"https:\/\/agora.xtec.cat\/ceippladedalt\/wp-json\/wp\/v2\/types\/post"}],"author":[{"embeddable":true,"href":"https:\/\/agora.xtec.cat\/ceippladedalt\/wp-json\/wp\/v2\/users\/69"}],"replies":[{"embeddable":true,"href":"https:\/\/agora.xtec.cat\/ceippladedalt\/wp-json\/wp\/v2\/comments?post=22498"}],"version-history":[{"count":3,"href":"https:\/\/agora.xtec.cat\/ceippladedalt\/wp-json\/wp\/v2\/posts\/22498\/revisions"}],"predecessor-version":[{"id":22630,"href":"https:\/\/agora.xtec.cat\/ceippladedalt\/wp-json\/wp\/v2\/posts\/22498\/revisions\/22630"}],"wp:featuredmedia":[{"embeddable":true,"href":"https:\/\/agora.xtec.cat\/ceippladedalt\/wp-json\/wp\/v2\/media\/22495"}],"wp:attachment":[{"href":"https:\/\/agora.xtec.cat\/ceippladedalt\/wp-json\/wp\/v2\/media?parent=22498"}],"wp:term":[{"taxonomy":"category","embeddable":true,"href":"https:\/\/agora.xtec.cat\/ceippladedalt\/wp-json\/wp\/v2\/categories?post=22498"},{"taxonomy":"post_tag","embeddable":true,"href":"https:\/\/agora.xtec.cat\/ceippladedalt\/wp-json\/wp\/v2\/tags?post=22498"}],"curies":[{"name":"wp","href":"https:\/\/api.w.org\/{rel}","templated":true}]}}