{"id":22455,"date":"2025-03-18T13:15:48","date_gmt":"2025-03-18T12:15:48","guid":{"rendered":"https:\/\/agora.xtec.cat\/ceippladedalt\/?p=22455"},"modified":"2025-03-24T18:01:45","modified_gmt":"2025-03-24T17:01:45","slug":"6a-matinal-dorientacio","status":"publish","type":"post","link":"https:\/\/agora.xtec.cat\/ceippladedalt\/cursos\/i3\/6a-matinal-dorientacio\/","title":{"rendered":"6a MATINAL D&#8217;ORIENTACI\u00d3"},"content":{"rendered":"<div class=\"wp-block-image\">\n<figure class=\"alignleft size-full is-resized\"><a href=\"https:\/\/drive.google.com\/file\/d\/1CtnTPaedvBhCYVYgqGi2Ge-bYD8XRTMD\/view?usp=sharing\"><img loading=\"lazy\" decoding=\"async\" width=\"225\" height=\"225\" src=\"https:\/\/agora.xtec.cat\/ceippladedalt\/wp-content\/uploads\/usu2126\/2025\/03\/images.jpeg\" alt=\"\" class=\"wp-image-22470\" style=\"width:196px;height:auto\" srcset=\"https:\/\/agora.xtec.cat\/ceippladedalt\/wp-content\/uploads\/usu2126\/2025\/03\/images.jpeg 225w, https:\/\/agora.xtec.cat\/ceippladedalt\/wp-content\/uploads\/usu2126\/2025\/03\/images-150x150.jpeg 150w\" sizes=\"auto, (max-width: 225px) 100vw, 225px\" \/><\/a><figcaption class=\"wp-element-caption\">   <strong>VIDEO DE PRESENTACI\u00d3<\/strong><\/figcaption><\/figure><\/div>\n\n\n<p class=\"has-text-align-left\">El\u00a0<strong>diumenge 30 de mar\u00e7<\/strong>\u00a0tindr\u00e0 lloc la\u00a0<strong><u>6a edici\u00f3 de la MATINAL D&#8217;ORIENTACI\u00d3<\/u><\/strong>\u00a0al Pla de Dalt.<\/p>\n\n\n\n<p class=\"has-text-align-left\">Hi haur\u00e0 servei de bar en benefici de les col\u00f2nies de 4t. <\/p>\n\n\n\n<p class=\"has-text-align-left\">Aquesta activitat est\u00e0 oberta a tothom que hi vulgui participar, nom\u00e9s cal tenir en compte que es participar\u00e0 grups de 1 a 5 persones\u00a0 i que cal fer una inscripci\u00f3 pr\u00e8via abans del proper <strong>28 de mar\u00e7 de 2025 <\/strong>al web:<strong> <\/strong><a href=\"http:\/\/gastantkeks.cat\/inscripcions\/public\/\"><strong>http:\/\/gastantkeks.cat\/inscripcions\/public\/<\/strong>\u00a0<\/a>\u00a0\u00a0\u00a0\u00a0\u00a0\u00a0\u00a0\u00a0\u00a0\u00a0\u00a0\u00a0\u00a0\u00a0\u00a0\u00a0\u00a0\u00a0\u00a0\u00a0\u00a0\u00a0\u00a0\u00a0\u00a0\u00a0\u00a0\u00a0\u00a0\u00a0\u00a0\u00a0\u00a0\u00a0\u00a0\u00a0<\/p>\n\n\n\n<p class=\"has-text-align-center\"><strong>No hi falteu!!<\/strong><\/p>\n\n\n\n<figure class=\"wp-block-image size-large\"><a href=\"https:\/\/agora.xtec.cat\/ceippladedalt\/wp-content\/uploads\/usu2126\/2025\/03\/2E08B16C-B702-4BE1-85E9-5557A8557DD9.jpeg\"><img loading=\"lazy\" decoding=\"async\" width=\"1024\" height=\"683\" src=\"https:\/\/agora.xtec.cat\/ceippladedalt\/wp-content\/uploads\/usu2126\/2025\/03\/2E08B16C-B702-4BE1-85E9-5557A8557DD9-1024x683.jpeg\" alt=\"\" class=\"wp-image-22457\" srcset=\"https:\/\/agora.xtec.cat\/ceippladedalt\/wp-content\/uploads\/usu2126\/2025\/03\/2E08B16C-B702-4BE1-85E9-5557A8557DD9-1024x683.jpeg 1024w, https:\/\/agora.xtec.cat\/ceippladedalt\/wp-content\/uploads\/usu2126\/2025\/03\/2E08B16C-B702-4BE1-85E9-5557A8557DD9-300x200.jpeg 300w, https:\/\/agora.xtec.cat\/ceippladedalt\/wp-content\/uploads\/usu2126\/2025\/03\/2E08B16C-B702-4BE1-85E9-5557A8557DD9-768x512.jpeg 768w, https:\/\/agora.xtec.cat\/ceippladedalt\/wp-content\/uploads\/usu2126\/2025\/03\/2E08B16C-B702-4BE1-85E9-5557A8557DD9-1536x1025.jpeg 1536w, https:\/\/agora.xtec.cat\/ceippladedalt\/wp-content\/uploads\/usu2126\/2025\/03\/2E08B16C-B702-4BE1-85E9-5557A8557DD9.jpeg 2048w\" sizes=\"auto, (max-width: 1024px) 100vw, 1024px\" \/><\/a><\/figure>\n","protected":false},"excerpt":{"rendered":"<p><a href=\"https:\/\/drive.google.com\/file\/d\/1CtnTPaedvBhCYVYgqGi2Ge-bYD8XRTMD\/view?usp=sharing\"><\/a>   VIDEO DE PRESENTACI\u00d3<\/p>\n<p>El\u00a0diumenge 30 de mar\u00e7\u00a0tindr\u00e0 lloc la\u00a06a edici\u00f3 de la MATINAL D&#8217;ORIENTACI\u00d3\u00a0al Pla de Dalt.<\/p>\n<p>Hi haur\u00e0 servei de bar en benefici de les col\u00f2nies de 4t. <\/p>\n<p>Aquesta activitat est\u00e0 oberta a tothom que hi vulgui participar, nom\u00e9s cal tenir en&hellip;  <a href=\"https:\/\/agora.xtec.cat\/ceippladedalt\/cursos\/i3\/6a-matinal-dorientacio\/\" title=\"Read 6a MATINAL D&#8217;ORIENTACI\u00d3\">Llegeix m\u00e9s\u00bb<\/a><\/p>\n","protected":false},"author":1,"featured_media":22456,"comment_status":"open","ping_status":"open","sticky":false,"template":"","format":"standard","meta":{"_bbp_topic_count":0,"_bbp_reply_count":0,"_bbp_total_topic_count":0,"_bbp_total_reply_count":0,"_bbp_voice_count":0,"_bbp_anonymous_reply_count":0,"_bbp_topic_count_hidden":0,"_bbp_reply_count_hidden":0,"_bbp_forum_subforum_count":0,"footnotes":""},"categories":[10,11,12,13,14,15,3,8,65,4],"tags":[],"class_list":["post-22455","post","type-post","status-publish","format-standard","has-post-thumbnail","hentry","category-1r","category-2n","category-3r","category-4t","category-5e","category-6e","category-i3","category-i4","category-i5","category-portada"],"post_mailing_queue_ids":[],"_links":{"self":[{"href":"https:\/\/agora.xtec.cat\/ceippladedalt\/wp-json\/wp\/v2\/posts\/22455","targetHints":{"allow":["GET"]}}],"collection":[{"href":"https:\/\/agora.xtec.cat\/ceippladedalt\/wp-json\/wp\/v2\/posts"}],"about":[{"href":"https:\/\/agora.xtec.cat\/ceippladedalt\/wp-json\/wp\/v2\/types\/post"}],"author":[{"embeddable":true,"href":"https:\/\/agora.xtec.cat\/ceippladedalt\/wp-json\/wp\/v2\/users\/1"}],"replies":[{"embeddable":true,"href":"https:\/\/agora.xtec.cat\/ceippladedalt\/wp-json\/wp\/v2\/comments?post=22455"}],"version-history":[{"count":6,"href":"https:\/\/agora.xtec.cat\/ceippladedalt\/wp-json\/wp\/v2\/posts\/22455\/revisions"}],"predecessor-version":[{"id":22482,"href":"https:\/\/agora.xtec.cat\/ceippladedalt\/wp-json\/wp\/v2\/posts\/22455\/revisions\/22482"}],"wp:featuredmedia":[{"embeddable":true,"href":"https:\/\/agora.xtec.cat\/ceippladedalt\/wp-json\/wp\/v2\/media\/22456"}],"wp:attachment":[{"href":"https:\/\/agora.xtec.cat\/ceippladedalt\/wp-json\/wp\/v2\/media?parent=22455"}],"wp:term":[{"taxonomy":"category","embeddable":true,"href":"https:\/\/agora.xtec.cat\/ceippladedalt\/wp-json\/wp\/v2\/categories?post=22455"},{"taxonomy":"post_tag","embeddable":true,"href":"https:\/\/agora.xtec.cat\/ceippladedalt\/wp-json\/wp\/v2\/tags?post=22455"}],"curies":[{"name":"wp","href":"https:\/\/api.w.org\/{rel}","templated":true}]}}