{"id":22438,"date":"2025-03-06T09:49:50","date_gmt":"2025-03-06T08:49:50","guid":{"rendered":"https:\/\/agora.xtec.cat\/ceippladedalt\/?p=22438"},"modified":"2025-03-10T09:57:59","modified_gmt":"2025-03-10T08:57:59","slug":"visita-del-rei-i-la-reina","status":"publish","type":"post","link":"https:\/\/agora.xtec.cat\/ceippladedalt\/general\/visita-del-rei-i-la-reina\/","title":{"rendered":"VISITA DEL REI I LA REINA"},"content":{"rendered":"\n<p><strong>VISITA DEL REI I LA REINA DEL CARNAVAL D&#8217;OLOT<\/strong><\/p>\n\n\n\n<p><strong>Un any m\u00e9s, ens visiten el Rei i la Reina del Carnaval d\u2019Olot 2025 que aquest any s\u00f3n l\u2019Albert Roura de la Penya Blaugrana Almog\u00e0vers Garrotxins i la S\u00f2nia Ricart de la Penya Carnav\u00e0lia de la Garrotxa<\/strong>.<\/p>\n\n\n\n<p>L&#8217;alumnat d&#8217;I3 fins a 6\u00e8 els van entrevistar per saber moltes m\u00e9s coses i despr\u00e9s vam ballar tots junts!<\/p>\n\n\n\n<p>Fem fora l&#8217;avorriment i que visqui l&#8217;entusiasme!<\/p>\n\n\n\n<figure class=\"wp-block-image size-large is-resized\"><a href=\"https:\/\/agora.xtec.cat\/ceippladedalt\/wp-content\/uploads\/usu2126\/2025\/03\/3AAF1786-484E-45B7-9770-A271E45D4F8B.jpeg\"><img loading=\"lazy\" decoding=\"async\" width=\"1024\" height=\"387\" src=\"https:\/\/agora.xtec.cat\/ceippladedalt\/wp-content\/uploads\/usu2126\/2025\/03\/3AAF1786-484E-45B7-9770-A271E45D4F8B-1024x387.jpeg\" alt=\"\" class=\"wp-image-22416\" style=\"width:669px;height:auto\" srcset=\"https:\/\/agora.xtec.cat\/ceippladedalt\/wp-content\/uploads\/usu2126\/2025\/03\/3AAF1786-484E-45B7-9770-A271E45D4F8B-1024x387.jpeg 1024w, https:\/\/agora.xtec.cat\/ceippladedalt\/wp-content\/uploads\/usu2126\/2025\/03\/3AAF1786-484E-45B7-9770-A271E45D4F8B-300x113.jpeg 300w, https:\/\/agora.xtec.cat\/ceippladedalt\/wp-content\/uploads\/usu2126\/2025\/03\/3AAF1786-484E-45B7-9770-A271E45D4F8B-768x290.jpeg 768w, https:\/\/agora.xtec.cat\/ceippladedalt\/wp-content\/uploads\/usu2126\/2025\/03\/3AAF1786-484E-45B7-9770-A271E45D4F8B-1536x581.jpeg 1536w, https:\/\/agora.xtec.cat\/ceippladedalt\/wp-content\/uploads\/usu2126\/2025\/03\/3AAF1786-484E-45B7-9770-A271E45D4F8B.jpeg 2048w\" sizes=\"auto, (max-width: 1024px) 100vw, 1024px\" \/><\/a><\/figure>\n\n\n\n<p>Trobareu m\u00e9s fotos a l&#8217;apartat de &#8220;Festes&#8221; de la web de l&#8217;escola i a l&#8217;instagram.<\/p>\n","protected":false},"excerpt":{"rendered":"<p>VISITA DEL REI I LA REINA DEL CARNAVAL D&#8217;OLOT<\/p>\n<p>Un any m\u00e9s, ens visiten el Rei i la Reina del Carnaval d\u2019Olot 2025 que aquest any s\u00f3n l\u2019Albert Roura de la Penya Blaugrana Almog\u00e0vers Garrotxins i la S\u00f2nia Ricart de la Penya Carnav\u00e0lia de la Garrotxa.<\/p>\n<p>L&#8217;alumnat&hellip;  <a href=\"https:\/\/agora.xtec.cat\/ceippladedalt\/general\/visita-del-rei-i-la-reina\/\" title=\"Read VISITA DEL REI I LA REINA\">Llegeix m\u00e9s\u00bb<\/a><\/p>\n","protected":false},"author":1,"featured_media":22440,"comment_status":"open","ping_status":"open","sticky":false,"template":"","format":"standard","meta":{"_bbp_topic_count":0,"_bbp_reply_count":0,"_bbp_total_topic_count":0,"_bbp_total_reply_count":0,"_bbp_voice_count":0,"_bbp_anonymous_reply_count":0,"_bbp_topic_count_hidden":0,"_bbp_reply_count_hidden":0,"_bbp_forum_subforum_count":0,"footnotes":""},"categories":[10,11,12,13,14,15,1,3,8,65,4],"tags":[],"class_list":["post-22438","post","type-post","status-publish","format-standard","has-post-thumbnail","hentry","category-1r","category-2n","category-3r","category-4t","category-5e","category-6e","category-general","category-i3","category-i4","category-i5","category-portada"],"post_mailing_queue_ids":[],"_links":{"self":[{"href":"https:\/\/agora.xtec.cat\/ceippladedalt\/wp-json\/wp\/v2\/posts\/22438","targetHints":{"allow":["GET"]}}],"collection":[{"href":"https:\/\/agora.xtec.cat\/ceippladedalt\/wp-json\/wp\/v2\/posts"}],"about":[{"href":"https:\/\/agora.xtec.cat\/ceippladedalt\/wp-json\/wp\/v2\/types\/post"}],"author":[{"embeddable":true,"href":"https:\/\/agora.xtec.cat\/ceippladedalt\/wp-json\/wp\/v2\/users\/1"}],"replies":[{"embeddable":true,"href":"https:\/\/agora.xtec.cat\/ceippladedalt\/wp-json\/wp\/v2\/comments?post=22438"}],"version-history":[{"count":1,"href":"https:\/\/agora.xtec.cat\/ceippladedalt\/wp-json\/wp\/v2\/posts\/22438\/revisions"}],"predecessor-version":[{"id":22439,"href":"https:\/\/agora.xtec.cat\/ceippladedalt\/wp-json\/wp\/v2\/posts\/22438\/revisions\/22439"}],"wp:featuredmedia":[{"embeddable":true,"href":"https:\/\/agora.xtec.cat\/ceippladedalt\/wp-json\/wp\/v2\/media\/22440"}],"wp:attachment":[{"href":"https:\/\/agora.xtec.cat\/ceippladedalt\/wp-json\/wp\/v2\/media?parent=22438"}],"wp:term":[{"taxonomy":"category","embeddable":true,"href":"https:\/\/agora.xtec.cat\/ceippladedalt\/wp-json\/wp\/v2\/categories?post=22438"},{"taxonomy":"post_tag","embeddable":true,"href":"https:\/\/agora.xtec.cat\/ceippladedalt\/wp-json\/wp\/v2\/tags?post=22438"}],"curies":[{"name":"wp","href":"https:\/\/api.w.org\/{rel}","templated":true}]}}