{"id":22419,"date":"2025-03-07T17:59:12","date_gmt":"2025-03-07T16:59:12","guid":{"rendered":"https:\/\/agora.xtec.cat\/ceippladedalt\/?p=22419"},"modified":"2025-03-10T10:07:40","modified_gmt":"2025-03-10T09:07:40","slug":"calendari-de-preinscripcio-i-matriculacio","status":"publish","type":"post","link":"https:\/\/agora.xtec.cat\/ceippladedalt\/general\/calendari-de-preinscripcio-i-matriculacio\/","title":{"rendered":"CALENDARI DE PREINSCRIPCI\u00d3 I MATRICULACI\u00d3"},"content":{"rendered":"\n<h3 class=\"wp-block-heading\"><strong>CALENDARI DE PREINSCRIPCI\u00d3 I MATRICULACI\u00d3 2025-2026<\/strong><\/h3>\n\n\n\n<h3 class=\"wp-block-heading\"><strong>RESOLUCI\u00d3 EDF\/319\/2025, de 4 de febrer<\/strong><\/h3>\n\n\n\n<p><strong>Educaci\u00f3 infantil i prim\u00e0ria<\/strong><\/p>\n\n\n\n<p class=\"has-black-color has-text-color has-link-color wp-elements-75e8aa6b9782a66f0fe4ea04b7876a41\">Benvolgudes fam\u00edlies,<\/p>\n\n\n\n<p class=\"has-black-color has-text-color has-link-color wp-elements-0d61473e5940512ae66ccc69950970eb\">Ja teniu informaci\u00f3 sobre la Preinscripci\u00f3 escolar al web&nbsp;<strong><a href=\"https:\/\/preinscripcio.gencat.cat\/ca\/inici\/\" target=\"_blank\" rel=\"noreferrer noopener\">preinscripcio.gencat.cat<\/a><\/strong>, que neix de la voluntat d\u2019acompanyar millor les fam\u00edlies durant el proc\u00e9s de preinscripci\u00f3 2025-2026 als ensenyaments obligatoris.<\/p>\n\n\n\n<p><strong>CALENDARI<\/strong><\/p>\n\n\n\n<figure class=\"wp-block-table\"><table><tbody><tr><td>Publicaci\u00f3 de l<strong>\u2018oferta inicial<\/strong><\/td><td>11 de mar\u00e7<\/td><\/tr><tr><td>Presentaci\u00f3 de&nbsp;sol\u00b7licituds<\/td><td>Del 12 al 26 de mar\u00e7<\/td><\/tr><tr><td>Presentaci\u00f3 de documentaci\u00f3<\/td><td>28 de mar\u00e7<\/td><\/tr><tr><td>Publicaci\u00f3 de la&nbsp;llista de sol\u00b7licituds amb la&nbsp;<strong>puntuaci\u00f3 provisional<\/strong><\/td><td>24 d\u2019abril<\/td><\/tr><tr><td>Presentaci\u00f3 de reclamacions a la llista amb la puntuaci\u00f3 provisional<\/td><td>Del 24 al 29 d\u2019abril<\/td><\/tr><tr><td>Gesti\u00f3 de reclamacions<\/td><td>Del 24 al 30 d\u2019abril<\/td><\/tr><tr><td>Publicaci\u00f3 de la&nbsp;<strong>llista amb la puntuaci\u00f3 definitiva<\/strong>, un cop resoltes de les reclamacions<\/td><td>5 de maig<\/td><\/tr><tr><td>Sorteig del n\u00famero per al desempat <\/td><td>8 de maig<\/td><\/tr><tr><td>Publicaci\u00f3 de les&nbsp;<strong>llistes ordenades definitives<\/strong><\/td><td>9 de maig<\/td><\/tr><tr><td>Ampliaci\u00f3 de petici\u00f3 de centres per alumnes NEE B les sol\u00b7licituds que no han obtingut cap assignaci\u00f3<\/td><td>21 i 22 de maig<\/td><\/tr><tr><td>Ampliaci\u00f3 de petici\u00f3 de centres per alumnes ordinaris les sol\u00b7licituds que no han obtingut cap assignaci\u00f3<\/td><td>Del 4 al 6 de juny<\/td><\/tr><tr><td>Publicaci\u00f3 de l\u2019<strong>oferta definitiva<\/strong><\/td><td>16 juny<\/td><\/tr><tr><td>Publicaci\u00f3:&nbsp;<strong>llista&nbsp; alumnes preinscrits,&nbsp;llista d\u2019alumnes assignats<\/strong>&nbsp;i la&nbsp;<strong>llista d\u2019espera<\/strong><\/td><td>16 juny<\/td><\/tr><tr><td>Per\u00edode de matriculaci\u00f3<\/td><td>Del 25 de juny al 13 de juliol<\/td><\/tr><\/tbody><\/table><\/figure>\n\n\n\n<p><strong>Per\u00edode de reclamaci\u00f3 sobre l\u2019assignaci\u00f3 de pla\u00e7a del proc\u00e9s de preinscripci\u00f3 pel curs 25-26, nom\u00e9s els dies 17, 18 I 19 de juny.<\/strong>&nbsp;Us facilitem el seg\u00fcent enlla\u00e7 per poder entrar la reclamaci\u00f3 de manera telem\u00e0tica (tamb\u00e9 us podeu adre\u00e7ar a l\u2019OME).<\/p>\n\n\n\n<p><strong>Enlla\u00e7 al formulari de reclamaci\u00f3<\/strong>: <a href=\"https:\/\/educacio.gencat.cat\/ca\/tramits\/tramits-temes\/reclamacions-assignacions-preinscripcio-obligatoris?moda=1\">https:\/\/educacio.gencat.cat\/ca\/tramits\/tramits-temes\/reclamacions-assignacions-preinscripcio-obligatoris?moda=1<\/a><\/p>\n\n\n\n<p class=\"has-text-align-center\"><strong>*<\/strong><\/p>\n\n\n\n<figure class=\"wp-block-image size-full is-resized is-style-default\"><a href=\"https:\/\/agora.xtec.cat\/ceippladedalt\/wp-content\/uploads\/usu2126\/2025\/03\/GENE_CONSTRUIM_FUTURS_BANNER_745x250_Preinscripcio_.jpg\"><img loading=\"lazy\" decoding=\"async\" width=\"744\" height=\"251\" src=\"https:\/\/agora.xtec.cat\/ceippladedalt\/wp-content\/uploads\/usu2126\/2025\/03\/GENE_CONSTRUIM_FUTURS_BANNER_745x250_Preinscripcio_.jpg\" alt=\"\" class=\"wp-image-22428\" style=\"width:745px;height:auto\" srcset=\"https:\/\/agora.xtec.cat\/ceippladedalt\/wp-content\/uploads\/usu2126\/2025\/03\/GENE_CONSTRUIM_FUTURS_BANNER_745x250_Preinscripcio_.jpg 744w, https:\/\/agora.xtec.cat\/ceippladedalt\/wp-content\/uploads\/usu2126\/2025\/03\/GENE_CONSTRUIM_FUTURS_BANNER_745x250_Preinscripcio_-300x101.jpg 300w\" sizes=\"auto, (max-width: 744px) 100vw, 744px\" \/><\/a><\/figure>\n","protected":false},"excerpt":{"rendered":"<p>CALENDARI DE PREINSCRIPCI\u00d3 I MATRICULACI\u00d3 2025-2026<\/p>\n<p>RESOLUCI\u00d3 EDF\/319\/2025, de 4 de febrer<\/p>\n<p>Educaci\u00f3 infantil i prim\u00e0ria<\/p>\n<p>Benvolgudes fam\u00edlies,<\/p>\n<p>Ja teniu informaci\u00f3 sobre la Preinscripci\u00f3 escolar al web&nbsp;<a href=\"https:\/\/preinscripcio.gencat.cat\/ca\/inici\/\" target=\"_blank\" rel=\"noreferrer noopener\">preinscripcio.gencat.cat<\/a>, que neix de la voluntat d\u2019acompanyar millor les fam\u00edlies durant el proc\u00e9s de preinscripci\u00f3 2025-2026 als ensenyaments obligatoris.<\/p>\n<p>CALENDARI<\/p>\n<p>Publicaci\u00f3&hellip;  <a href=\"https:\/\/agora.xtec.cat\/ceippladedalt\/general\/calendari-de-preinscripcio-i-matriculacio\/\" title=\"Read CALENDARI DE PREINSCRIPCI\u00d3 I MATRICULACI\u00d3\">Llegeix m\u00e9s\u00bb<\/a><\/p>\n","protected":false},"author":1,"featured_media":22427,"comment_status":"open","ping_status":"open","sticky":false,"template":"","format":"standard","meta":{"_bbp_topic_count":0,"_bbp_reply_count":0,"_bbp_total_topic_count":0,"_bbp_total_reply_count":0,"_bbp_voice_count":0,"_bbp_anonymous_reply_count":0,"_bbp_topic_count_hidden":0,"_bbp_reply_count_hidden":0,"_bbp_forum_subforum_count":0,"footnotes":""},"categories":[1],"tags":[],"class_list":["post-22419","post","type-post","status-publish","format-standard","has-post-thumbnail","hentry","category-general"],"post_mailing_queue_ids":[],"_links":{"self":[{"href":"https:\/\/agora.xtec.cat\/ceippladedalt\/wp-json\/wp\/v2\/posts\/22419","targetHints":{"allow":["GET"]}}],"collection":[{"href":"https:\/\/agora.xtec.cat\/ceippladedalt\/wp-json\/wp\/v2\/posts"}],"about":[{"href":"https:\/\/agora.xtec.cat\/ceippladedalt\/wp-json\/wp\/v2\/types\/post"}],"author":[{"embeddable":true,"href":"https:\/\/agora.xtec.cat\/ceippladedalt\/wp-json\/wp\/v2\/users\/1"}],"replies":[{"embeddable":true,"href":"https:\/\/agora.xtec.cat\/ceippladedalt\/wp-json\/wp\/v2\/comments?post=22419"}],"version-history":[{"count":6,"href":"https:\/\/agora.xtec.cat\/ceippladedalt\/wp-json\/wp\/v2\/posts\/22419\/revisions"}],"predecessor-version":[{"id":22431,"href":"https:\/\/agora.xtec.cat\/ceippladedalt\/wp-json\/wp\/v2\/posts\/22419\/revisions\/22431"}],"wp:featuredmedia":[{"embeddable":true,"href":"https:\/\/agora.xtec.cat\/ceippladedalt\/wp-json\/wp\/v2\/media\/22427"}],"wp:attachment":[{"href":"https:\/\/agora.xtec.cat\/ceippladedalt\/wp-json\/wp\/v2\/media?parent=22419"}],"wp:term":[{"taxonomy":"category","embeddable":true,"href":"https:\/\/agora.xtec.cat\/ceippladedalt\/wp-json\/wp\/v2\/categories?post=22419"},{"taxonomy":"post_tag","embeddable":true,"href":"https:\/\/agora.xtec.cat\/ceippladedalt\/wp-json\/wp\/v2\/tags?post=22419"}],"curies":[{"name":"wp","href":"https:\/\/api.w.org\/{rel}","templated":true}]}}