{"id":22412,"date":"2025-03-04T16:13:00","date_gmt":"2025-03-04T15:13:00","guid":{"rendered":"https:\/\/agora.xtec.cat\/ceippladedalt\/?p=22412"},"modified":"2025-03-10T09:49:40","modified_gmt":"2025-03-10T08:49:40","slug":"certamen-de-lectura-en-veu-alta","status":"publish","type":"post","link":"https:\/\/agora.xtec.cat\/ceippladedalt\/portada\/certamen-de-lectura-en-veu-alta\/","title":{"rendered":"CERTAMEN DE LECTURA EN VEU ALTA"},"content":{"rendered":"\n<p><strong>SEMIFINAL DE LA GARROTXA DEL XXI Certamen de Lectura en Veu Alta\u00a0<\/strong><\/p>\n\n\n\n<p>Avui dimarts 4 de mar\u00e7, una representant de Cicle Superior ha participat en el Certamen de lectura en veu alta al Teatre Principal d&#8217;Olot.<\/p>\n\n\n\n<p>El Certamen Nacional Infantil i Juvenil de Lectura en Veu Alta \u00e9s una iniciativa de la&nbsp;<a href=\"https:\/\/grupenciclopedia.cat\/\">Fundaci\u00f3 Enciclop\u00e8dia Catalana<\/a>, l\u2019entitat cultural que encap\u00e7ala el Grup format per diferents empreses editorials, centrat en el coneixement, l\u2019edici\u00f3, l\u2019educaci\u00f3 i la distribuci\u00f3, i que t\u00e9 com a missi\u00f3 el foment de la llengua i la cultura catalanes.<\/p>\n\n\n\n<p>Com ja fa anys, l&#8217;Escola participa d&#8217;aquest certamen que promou la literatura en llengua catalana.<\/p>\n\n\n\n<p>Despr\u00e9s d&#8217;una primera tria a les aules i d&#8217;una segona fase davant d&#8217;uns mestres jurat, finalment avui la Irene Espu\u00f1a ha representat a la nostra Escola. Han estat grans lectors i ho han fet molt i molt b\u00e9. Tots els qui els hem acompanyat, tamb\u00e9 companys i companyes de l&#8217;escola (semifinalistes del concurs a l&#8217;Escola), els hem felicitat per l&#8217;esfor\u00e7 de preparar totes lectures. <\/p>\n\n\n\n<p class=\"has-text-align-center\"><strong>Enhorabona! <\/strong><\/p>\n\n\n\n<p>Al final de l&#8217;acte, tots\/es les participants rebien un llibre i un diploma d&#8217;obsequi.<\/p>\n\n\n\n<figure class=\"wp-block-image size-large\"><a href=\"https:\/\/agora.xtec.cat\/ceippladedalt\/wp-content\/uploads\/usu2126\/2025\/03\/0DAA1E4D-A96D-4B05-A237-2BB7D2AB7959.jpeg\"><img loading=\"lazy\" decoding=\"async\" width=\"1024\" height=\"768\" src=\"https:\/\/agora.xtec.cat\/ceippladedalt\/wp-content\/uploads\/usu2126\/2025\/03\/0DAA1E4D-A96D-4B05-A237-2BB7D2AB7959-1024x768.jpeg\" alt=\"\" class=\"wp-image-22413\" srcset=\"https:\/\/agora.xtec.cat\/ceippladedalt\/wp-content\/uploads\/usu2126\/2025\/03\/0DAA1E4D-A96D-4B05-A237-2BB7D2AB7959-1024x768.jpeg 1024w, https:\/\/agora.xtec.cat\/ceippladedalt\/wp-content\/uploads\/usu2126\/2025\/03\/0DAA1E4D-A96D-4B05-A237-2BB7D2AB7959-300x225.jpeg 300w, https:\/\/agora.xtec.cat\/ceippladedalt\/wp-content\/uploads\/usu2126\/2025\/03\/0DAA1E4D-A96D-4B05-A237-2BB7D2AB7959-768x576.jpeg 768w, https:\/\/agora.xtec.cat\/ceippladedalt\/wp-content\/uploads\/usu2126\/2025\/03\/0DAA1E4D-A96D-4B05-A237-2BB7D2AB7959-1536x1152.jpeg 1536w, https:\/\/agora.xtec.cat\/ceippladedalt\/wp-content\/uploads\/usu2126\/2025\/03\/0DAA1E4D-A96D-4B05-A237-2BB7D2AB7959-200x150.jpeg 200w, https:\/\/agora.xtec.cat\/ceippladedalt\/wp-content\/uploads\/usu2126\/2025\/03\/0DAA1E4D-A96D-4B05-A237-2BB7D2AB7959.jpeg 2000w\" sizes=\"auto, (max-width: 1024px) 100vw, 1024px\" \/><\/a><\/figure>\n","protected":false},"excerpt":{"rendered":"<p>SEMIFINAL DE LA GARROTXA DEL XXI Certamen de Lectura en Veu Alta\u00a0<\/p>\n<p>Avui dimarts 4 de mar\u00e7, una representant de Cicle Superior ha participat en el Certamen de lectura en veu alta al Teatre Principal d&#8217;Olot.<\/p>\n<p>El Certamen Nacional Infantil i Juvenil de Lectura en Veu Alta&hellip;  <a href=\"https:\/\/agora.xtec.cat\/ceippladedalt\/portada\/certamen-de-lectura-en-veu-alta\/\" title=\"Read CERTAMEN DE LECTURA EN VEU ALTA\">Llegeix m\u00e9s\u00bb<\/a><\/p>\n","protected":false},"author":1,"featured_media":22414,"comment_status":"open","ping_status":"open","sticky":false,"template":"","format":"standard","meta":{"_bbp_topic_count":0,"_bbp_reply_count":0,"_bbp_total_topic_count":0,"_bbp_total_reply_count":0,"_bbp_voice_count":0,"_bbp_anonymous_reply_count":0,"_bbp_topic_count_hidden":0,"_bbp_reply_count_hidden":0,"_bbp_forum_subforum_count":0,"footnotes":""},"categories":[15,4],"tags":[],"class_list":["post-22412","post","type-post","status-publish","format-standard","has-post-thumbnail","hentry","category-6e","category-portada"],"post_mailing_queue_ids":[],"_links":{"self":[{"href":"https:\/\/agora.xtec.cat\/ceippladedalt\/wp-json\/wp\/v2\/posts\/22412","targetHints":{"allow":["GET"]}}],"collection":[{"href":"https:\/\/agora.xtec.cat\/ceippladedalt\/wp-json\/wp\/v2\/posts"}],"about":[{"href":"https:\/\/agora.xtec.cat\/ceippladedalt\/wp-json\/wp\/v2\/types\/post"}],"author":[{"embeddable":true,"href":"https:\/\/agora.xtec.cat\/ceippladedalt\/wp-json\/wp\/v2\/users\/1"}],"replies":[{"embeddable":true,"href":"https:\/\/agora.xtec.cat\/ceippladedalt\/wp-json\/wp\/v2\/comments?post=22412"}],"version-history":[{"count":2,"href":"https:\/\/agora.xtec.cat\/ceippladedalt\/wp-json\/wp\/v2\/posts\/22412\/revisions"}],"predecessor-version":[{"id":22437,"href":"https:\/\/agora.xtec.cat\/ceippladedalt\/wp-json\/wp\/v2\/posts\/22412\/revisions\/22437"}],"wp:featuredmedia":[{"embeddable":true,"href":"https:\/\/agora.xtec.cat\/ceippladedalt\/wp-json\/wp\/v2\/media\/22414"}],"wp:attachment":[{"href":"https:\/\/agora.xtec.cat\/ceippladedalt\/wp-json\/wp\/v2\/media?parent=22412"}],"wp:term":[{"taxonomy":"category","embeddable":true,"href":"https:\/\/agora.xtec.cat\/ceippladedalt\/wp-json\/wp\/v2\/categories?post=22412"},{"taxonomy":"post_tag","embeddable":true,"href":"https:\/\/agora.xtec.cat\/ceippladedalt\/wp-json\/wp\/v2\/tags?post=22412"}],"curies":[{"name":"wp","href":"https:\/\/api.w.org\/{rel}","templated":true}]}}