{"id":22387,"date":"2025-02-27T17:36:31","date_gmt":"2025-02-27T16:36:31","guid":{"rendered":"https:\/\/agora.xtec.cat\/ceippladedalt\/?p=22387"},"modified":"2025-02-27T17:36:32","modified_gmt":"2025-02-27T16:36:32","slug":"el-dijous-llarder-dexcursio-anire","status":"publish","type":"post","link":"https:\/\/agora.xtec.cat\/ceippladedalt\/cursos\/i3\/el-dijous-llarder-dexcursio-anire\/","title":{"rendered":"EL DIJOUS LLARDER D&#8217;EXCURSI\u00d3 ANIR\u00c9!!"},"content":{"rendered":"\n<figure class=\"wp-block-image size-full\"><a href=\"https:\/\/agora.xtec.cat\/ceippladedalt\/wp-content\/uploads\/usu2126\/2025\/02\/20250227_095415.png\"><img loading=\"lazy\" decoding=\"async\" width=\"693\" height=\"924\" src=\"https:\/\/agora.xtec.cat\/ceippladedalt\/wp-content\/uploads\/usu2126\/2025\/02\/20250227_095415.png\" alt=\"\" class=\"wp-image-22388\" srcset=\"https:\/\/agora.xtec.cat\/ceippladedalt\/wp-content\/uploads\/usu2126\/2025\/02\/20250227_095415.png 693w, https:\/\/agora.xtec.cat\/ceippladedalt\/wp-content\/uploads\/usu2126\/2025\/02\/20250227_095415-225x300.png 225w\" sizes=\"auto, (max-width: 693px) 100vw, 693px\" \/><\/a><\/figure>\n\n\n\n<p>Els nens i les nenes d&#8217;educaci\u00f3 infantil hem anat a fer una petita excursi\u00f3 pel nostre bonic entorn. Hem arribat fins al barri de les Planotes!! Despr\u00e9s hem anat a esmorzar a l&#8217;escola i hem pogut esplaiar-nos al camp de futbol del Sant Pere M\u00e0rtir. Ens ho hem passat molt i molt b\u00e9!!<\/p>\n\n\n\n<p>Aneu a l&#8217;enlla\u00e7 de les fotos de cada curs i trobareu les imatges.<\/p>\n\n\n\n<p><\/p>\n","protected":false},"excerpt":{"rendered":"<p><a href=\"https:\/\/agora.xtec.cat\/ceippladedalt\/wp-content\/uploads\/usu2126\/2025\/02\/20250227_095415.png\"><\/a><\/p>\n<p>Els nens i les nenes d&#8217;educaci\u00f3 infantil hem anat a fer una petita excursi\u00f3 pel nostre bonic entorn. Hem arribat fins al barri de les Planotes!! Despr\u00e9s hem anat a esmorzar a l&#8217;escola i hem pogut esplaiar-nos al camp de futbol del Sant Pere&hellip;  <a href=\"https:\/\/agora.xtec.cat\/ceippladedalt\/cursos\/i3\/el-dijous-llarder-dexcursio-anire\/\" title=\"Read EL DIJOUS LLARDER D&#8217;EXCURSI\u00d3 ANIR\u00c9!!\">Llegeix m\u00e9s\u00bb<\/a><\/p>\n","protected":false},"author":24,"featured_media":22388,"comment_status":"closed","ping_status":"closed","sticky":false,"template":"","format":"standard","meta":{"_bbp_topic_count":0,"_bbp_reply_count":0,"_bbp_total_topic_count":0,"_bbp_total_reply_count":0,"_bbp_voice_count":0,"_bbp_anonymous_reply_count":0,"_bbp_topic_count_hidden":0,"_bbp_reply_count_hidden":0,"_bbp_forum_subforum_count":0,"footnotes":""},"categories":[5,3,8,65],"tags":[],"class_list":["post-22387","post","type-post","status-publish","format-standard","has-post-thumbnail","hentry","category-cursos","category-i3","category-i4","category-i5"],"post_mailing_queue_ids":[],"_links":{"self":[{"href":"https:\/\/agora.xtec.cat\/ceippladedalt\/wp-json\/wp\/v2\/posts\/22387","targetHints":{"allow":["GET"]}}],"collection":[{"href":"https:\/\/agora.xtec.cat\/ceippladedalt\/wp-json\/wp\/v2\/posts"}],"about":[{"href":"https:\/\/agora.xtec.cat\/ceippladedalt\/wp-json\/wp\/v2\/types\/post"}],"author":[{"embeddable":true,"href":"https:\/\/agora.xtec.cat\/ceippladedalt\/wp-json\/wp\/v2\/users\/24"}],"replies":[{"embeddable":true,"href":"https:\/\/agora.xtec.cat\/ceippladedalt\/wp-json\/wp\/v2\/comments?post=22387"}],"version-history":[{"count":1,"href":"https:\/\/agora.xtec.cat\/ceippladedalt\/wp-json\/wp\/v2\/posts\/22387\/revisions"}],"predecessor-version":[{"id":22389,"href":"https:\/\/agora.xtec.cat\/ceippladedalt\/wp-json\/wp\/v2\/posts\/22387\/revisions\/22389"}],"wp:featuredmedia":[{"embeddable":true,"href":"https:\/\/agora.xtec.cat\/ceippladedalt\/wp-json\/wp\/v2\/media\/22388"}],"wp:attachment":[{"href":"https:\/\/agora.xtec.cat\/ceippladedalt\/wp-json\/wp\/v2\/media?parent=22387"}],"wp:term":[{"taxonomy":"category","embeddable":true,"href":"https:\/\/agora.xtec.cat\/ceippladedalt\/wp-json\/wp\/v2\/categories?post=22387"},{"taxonomy":"post_tag","embeddable":true,"href":"https:\/\/agora.xtec.cat\/ceippladedalt\/wp-json\/wp\/v2\/tags?post=22387"}],"curies":[{"name":"wp","href":"https:\/\/api.w.org\/{rel}","templated":true}]}}