{"id":22327,"date":"2025-02-12T10:54:31","date_gmt":"2025-02-12T09:54:31","guid":{"rendered":"https:\/\/agora.xtec.cat\/ceippladedalt\/?p=22327"},"modified":"2025-02-12T11:09:48","modified_gmt":"2025-02-12T10:09:48","slug":"portes-obertes-2","status":"publish","type":"post","link":"https:\/\/agora.xtec.cat\/ceippladedalt\/general\/portes-obertes-2\/","title":{"rendered":"PORTES OBERTES"},"content":{"rendered":"\n<h5 class=\"wp-block-heading has-text-align-center has-black-color has-text-color has-link-color wp-elements-c4705f1a6a64444e24203ab9634a0f92\" style=\"font-size:16px\"><strong>El dissabte 8 de mar\u00e7 a partir de les 10h farem una JORNADA DE PORTES OBERTES i REUNI\u00d3 INFORMATIVA per grups. Si no pogu\u00e9ssiu assistir podeu trucar 972261044 i concertar una visita personalitzada.<\/strong><\/h5>\n\n\n\n<h5 class=\"wp-block-heading has-text-align-center has-black-color has-text-color has-link-color wp-elements-8cbd3fb62faf788ab96c84297c0190ba\"><strong>Cal omplir el <a href=\"https:\/\/docs.google.com\/forms\/d\/e\/1FAIpQLSd52zpqnMBsfxjmXS3SrnH-eBRWrl6rmnq9Tm1QMnfby-v_sg\/viewform?usp=sf_link\">formulari<\/a> d&#8217;inscripci\u00f3 a les portes obertes.&nbsp;<\/strong><\/h5>\n\n\n\n<h5 class=\"wp-block-heading has-text-align-center has-black-color has-text-color has-link-color wp-elements-0f0debb558cadb8b49e3bc670902e73b\"><strong>Us hi esperem!<\/strong><\/h5>\n\n\n\n<p><\/p>\n\n\n\n<figure class=\"wp-block-image size-large\"><a href=\"https:\/\/agora.xtec.cat\/ceippladedalt\/wp-content\/uploads\/usu2126\/2025\/02\/2375B68F-F1BC-4661-A0F0-DF6440C2E676.jpeg\"><img loading=\"lazy\" decoding=\"async\" width=\"1024\" height=\"342\" src=\"https:\/\/agora.xtec.cat\/ceippladedalt\/wp-content\/uploads\/usu2126\/2025\/02\/2375B68F-F1BC-4661-A0F0-DF6440C2E676-1024x342.jpeg\" alt=\"\" class=\"wp-image-22330\" srcset=\"https:\/\/agora.xtec.cat\/ceippladedalt\/wp-content\/uploads\/usu2126\/2025\/02\/2375B68F-F1BC-4661-A0F0-DF6440C2E676-1024x342.jpeg 1024w, https:\/\/agora.xtec.cat\/ceippladedalt\/wp-content\/uploads\/usu2126\/2025\/02\/2375B68F-F1BC-4661-A0F0-DF6440C2E676-300x100.jpeg 300w, https:\/\/agora.xtec.cat\/ceippladedalt\/wp-content\/uploads\/usu2126\/2025\/02\/2375B68F-F1BC-4661-A0F0-DF6440C2E676-768x256.jpeg 768w, https:\/\/agora.xtec.cat\/ceippladedalt\/wp-content\/uploads\/usu2126\/2025\/02\/2375B68F-F1BC-4661-A0F0-DF6440C2E676-1536x513.jpeg 1536w, https:\/\/agora.xtec.cat\/ceippladedalt\/wp-content\/uploads\/usu2126\/2025\/02\/2375B68F-F1BC-4661-A0F0-DF6440C2E676.jpeg 1600w\" sizes=\"auto, (max-width: 1024px) 100vw, 1024px\" \/><\/a><\/figure>\n","protected":false},"excerpt":{"rendered":"<p>El dissabte 8 de mar\u00e7 a partir de les 10h farem una JORNADA DE PORTES OBERTES i REUNI\u00d3 INFORMATIVA per grups. Si no pogu\u00e9ssiu assistir podeu trucar 972261044 i concertar una visita personalitzada.<\/p>\n<p>Cal omplir el <a href=\"https:\/\/docs.google.com\/forms\/d\/e\/1FAIpQLSd52zpqnMBsfxjmXS3SrnH-eBRWrl6rmnq9Tm1QMnfby-v_sg\/viewform?usp=sf_link\">formulari<\/a> d&#8217;inscripci\u00f3 a les portes obertes.&nbsp;<\/p>\n<p>Us hi esperem!<\/p>\n<p><a href=\"https:\/\/agora.xtec.cat\/ceippladedalt\/wp-content\/uploads\/usu2126\/2025\/02\/2375B68F-F1BC-4661-A0F0-DF6440C2E676.jpeg\"><\/a><\/p>\n","protected":false},"author":1,"featured_media":22330,"comment_status":"open","ping_status":"open","sticky":false,"template":"","format":"standard","meta":{"_bbp_topic_count":0,"_bbp_reply_count":0,"_bbp_total_topic_count":0,"_bbp_total_reply_count":0,"_bbp_voice_count":0,"_bbp_anonymous_reply_count":0,"_bbp_topic_count_hidden":0,"_bbp_reply_count_hidden":0,"_bbp_forum_subforum_count":0,"footnotes":""},"categories":[1,4],"tags":[],"class_list":["post-22327","post","type-post","status-publish","format-standard","has-post-thumbnail","hentry","category-general","category-portada"],"post_mailing_queue_ids":[],"_links":{"self":[{"href":"https:\/\/agora.xtec.cat\/ceippladedalt\/wp-json\/wp\/v2\/posts\/22327","targetHints":{"allow":["GET"]}}],"collection":[{"href":"https:\/\/agora.xtec.cat\/ceippladedalt\/wp-json\/wp\/v2\/posts"}],"about":[{"href":"https:\/\/agora.xtec.cat\/ceippladedalt\/wp-json\/wp\/v2\/types\/post"}],"author":[{"embeddable":true,"href":"https:\/\/agora.xtec.cat\/ceippladedalt\/wp-json\/wp\/v2\/users\/1"}],"replies":[{"embeddable":true,"href":"https:\/\/agora.xtec.cat\/ceippladedalt\/wp-json\/wp\/v2\/comments?post=22327"}],"version-history":[{"count":4,"href":"https:\/\/agora.xtec.cat\/ceippladedalt\/wp-json\/wp\/v2\/posts\/22327\/revisions"}],"predecessor-version":[{"id":22334,"href":"https:\/\/agora.xtec.cat\/ceippladedalt\/wp-json\/wp\/v2\/posts\/22327\/revisions\/22334"}],"wp:featuredmedia":[{"embeddable":true,"href":"https:\/\/agora.xtec.cat\/ceippladedalt\/wp-json\/wp\/v2\/media\/22330"}],"wp:attachment":[{"href":"https:\/\/agora.xtec.cat\/ceippladedalt\/wp-json\/wp\/v2\/media?parent=22327"}],"wp:term":[{"taxonomy":"category","embeddable":true,"href":"https:\/\/agora.xtec.cat\/ceippladedalt\/wp-json\/wp\/v2\/categories?post=22327"},{"taxonomy":"post_tag","embeddable":true,"href":"https:\/\/agora.xtec.cat\/ceippladedalt\/wp-json\/wp\/v2\/tags?post=22327"}],"curies":[{"name":"wp","href":"https:\/\/api.w.org\/{rel}","templated":true}]}}