{"id":22233,"date":"2025-01-31T09:20:38","date_gmt":"2025-01-31T08:20:38","guid":{"rendered":"https:\/\/agora.xtec.cat\/ceippladedalt\/?p=22233"},"modified":"2025-02-04T09:30:18","modified_gmt":"2025-02-04T08:30:18","slug":"dia-escolar-de-la-no-violencia-i-la-pau","status":"publish","type":"post","link":"https:\/\/agora.xtec.cat\/ceippladedalt\/general\/dia-escolar-de-la-no-violencia-i-la-pau\/","title":{"rendered":"DENIP 2025"},"content":{"rendered":"\n<p class=\"has-text-align-left has-medium-font-size\">DIA ESCOLAR DE LA NO-VIOL\u00c8NCIA I LA PAU<\/p>\n\n\n\n<p class=\"has-text-align-left has-medium-font-size\">Un any m\u00e9s, a finals de gener ens reunim tots plegats per deixar una petita empremta i celebrar el Dia Escolar de la No-viol\u00e8ncia i la Pau. Aquests dies hem creat un cor molt especial amb totes les nostres fotografies i hem treballat la can\u00e7\u00f3 &#8220;Compta amb mi&#8221; de Txarango, que parla de l&#8217;amistat. L&#8217;amistat \u00e9s una bona manera de celebrar la Pau entre nosaltres, ja que la Pau tamb\u00e9 es construeix amb amistat. Per aix\u00f2, tota escola hem representat un gran cor al pati.<\/p>\n\n\n\n<p class=\"has-text-align-center\"><strong>TROBAREU TOTES LES FOTOS  i VIDEOS A L&#8217;ICONA &#8220;FOTOS&#8221; DE LA WEB I A LA FESTA CORRESPONENT.<\/strong><\/p>\n\n\n\n<figure class=\"wp-block-image size-full\"><a href=\"https:\/\/agora.xtec.cat\/ceippladedalt\/wp-content\/uploads\/usu2126\/2025\/01\/3E4F96BD-8152-4948-9F38-1723438B4815-1.jpeg\"><img loading=\"lazy\" decoding=\"async\" width=\"640\" height=\"480\" src=\"https:\/\/agora.xtec.cat\/ceippladedalt\/wp-content\/uploads\/usu2126\/2025\/01\/3E4F96BD-8152-4948-9F38-1723438B4815-1.jpeg\" alt=\"\" class=\"wp-image-22219\" style=\"aspect-ratio:4\/3;object-fit:cover\" srcset=\"https:\/\/agora.xtec.cat\/ceippladedalt\/wp-content\/uploads\/usu2126\/2025\/01\/3E4F96BD-8152-4948-9F38-1723438B4815-1.jpeg 640w, https:\/\/agora.xtec.cat\/ceippladedalt\/wp-content\/uploads\/usu2126\/2025\/01\/3E4F96BD-8152-4948-9F38-1723438B4815-1-300x225.jpeg 300w, https:\/\/agora.xtec.cat\/ceippladedalt\/wp-content\/uploads\/usu2126\/2025\/01\/3E4F96BD-8152-4948-9F38-1723438B4815-1-200x150.jpeg 200w\" sizes=\"auto, (max-width: 640px) 100vw, 640px\" \/><\/a><\/figure>\n","protected":false},"excerpt":{"rendered":"<p>DIA ESCOLAR DE LA NO-VIOL\u00c8NCIA I LA PAU<\/p>\n<p>Un any m\u00e9s, a finals de gener ens reunim tots plegats per deixar una petita empremta i celebrar el Dia Escolar de la No-viol\u00e8ncia i la Pau. Aquests dies hem creat un cor molt especial amb totes les&hellip;  <a href=\"https:\/\/agora.xtec.cat\/ceippladedalt\/general\/dia-escolar-de-la-no-violencia-i-la-pau\/\" title=\"Read DENIP 2025\">Llegeix m\u00e9s\u00bb<\/a><\/p>\n","protected":false},"author":1,"featured_media":22212,"comment_status":"open","ping_status":"open","sticky":false,"template":"","format":"standard","meta":{"_bbp_topic_count":0,"_bbp_reply_count":0,"_bbp_total_topic_count":0,"_bbp_total_reply_count":0,"_bbp_voice_count":0,"_bbp_anonymous_reply_count":0,"_bbp_topic_count_hidden":0,"_bbp_reply_count_hidden":0,"_bbp_forum_subforum_count":0,"footnotes":""},"categories":[1,4],"tags":[],"class_list":["post-22233","post","type-post","status-publish","format-standard","has-post-thumbnail","hentry","category-general","category-portada"],"post_mailing_queue_ids":[],"_links":{"self":[{"href":"https:\/\/agora.xtec.cat\/ceippladedalt\/wp-json\/wp\/v2\/posts\/22233","targetHints":{"allow":["GET"]}}],"collection":[{"href":"https:\/\/agora.xtec.cat\/ceippladedalt\/wp-json\/wp\/v2\/posts"}],"about":[{"href":"https:\/\/agora.xtec.cat\/ceippladedalt\/wp-json\/wp\/v2\/types\/post"}],"author":[{"embeddable":true,"href":"https:\/\/agora.xtec.cat\/ceippladedalt\/wp-json\/wp\/v2\/users\/1"}],"replies":[{"embeddable":true,"href":"https:\/\/agora.xtec.cat\/ceippladedalt\/wp-json\/wp\/v2\/comments?post=22233"}],"version-history":[{"count":5,"href":"https:\/\/agora.xtec.cat\/ceippladedalt\/wp-json\/wp\/v2\/posts\/22233\/revisions"}],"predecessor-version":[{"id":22241,"href":"https:\/\/agora.xtec.cat\/ceippladedalt\/wp-json\/wp\/v2\/posts\/22233\/revisions\/22241"}],"wp:featuredmedia":[{"embeddable":true,"href":"https:\/\/agora.xtec.cat\/ceippladedalt\/wp-json\/wp\/v2\/media\/22212"}],"wp:attachment":[{"href":"https:\/\/agora.xtec.cat\/ceippladedalt\/wp-json\/wp\/v2\/media?parent=22233"}],"wp:term":[{"taxonomy":"category","embeddable":true,"href":"https:\/\/agora.xtec.cat\/ceippladedalt\/wp-json\/wp\/v2\/categories?post=22233"},{"taxonomy":"post_tag","embeddable":true,"href":"https:\/\/agora.xtec.cat\/ceippladedalt\/wp-json\/wp\/v2\/tags?post=22233"}],"curies":[{"name":"wp","href":"https:\/\/api.w.org\/{rel}","templated":true}]}}