{"id":22222,"date":"2025-01-31T09:24:00","date_gmt":"2025-01-31T08:24:00","guid":{"rendered":"https:\/\/agora.xtec.cat\/ceippladedalt\/?p=22222"},"modified":"2025-01-31T09:25:51","modified_gmt":"2025-01-31T08:25:51","slug":"preinscripcio-2025-2026","status":"publish","type":"post","link":"https:\/\/agora.xtec.cat\/ceippladedalt\/portada\/preinscripcio-2025-2026\/","title":{"rendered":"PREINSCRIPCI\u00d3 2025-2026"},"content":{"rendered":"\n<h2 class=\"wp-block-heading\">A punt per comen\u00e7ar!<\/h2>\n\n\n\n<p>Informaci\u00f3 sobre la&nbsp;<strong>preinscripci\u00f3 escolar 2025-2026<\/strong>. Novetats.<\/p>\n\n\n\n<p>Si has de preinscriure el teu fill o filla a educaci\u00f3 infantil (3-6), prim\u00e0ria o secund\u00e0ria obligat\u00f2ria, t&#8217;avancem algunes dates, entre les quals destaquem les de<strong>&nbsp;presentaci\u00f3 de sol\u00b7licituds<\/strong>:<\/p>\n\n\n\n<ul class=\"wp-block-list\">\n<li>educaci\u00f3 infantil (3-6 anys) i prim\u00e0ria,&nbsp;<strong>del 12 al 26 de mar\u00e7<\/strong><\/li>\n\n\n\n<li>educaci\u00f3 secund\u00e0ria obligat\u00f2ria,&nbsp;<strong>del 14 al 26 de mar\u00e7<\/strong><\/li>\n<\/ul>\n\n\n\n<p>Altres dates rellevants s\u00f3n les de publicaci\u00f3 de les llistes de sol\u00b7licituds amb la puntuaci\u00f3 provisional (24 d&#8217;abril), del termini per presentar una reclamaci\u00f3 (del 24 al 29 d&#8217;abril), del sorteig del n\u00famero de desempat (8 de maig), de la llista ordenada de sol\u00b7licituds (9 de maig) i de la llista d&#8217;alumnes amb pla\u00e7a assignada (16 de juny).<\/p>\n\n\n\n<p>A partir del&nbsp;<strong>10 de febrer<\/strong>&nbsp;trobar\u00e0s en aquest <a href=\"https:\/\/preinscripcio.gencat.cat\/ca\/inici\/index.html\">web <\/a>tot all\u00f2 que necessites per fer la preinscripci\u00f3 de tots aquests ensenyaments:<\/p>\n\n\n\n<ul class=\"wp-block-list\">\n<li>educaci\u00f3 infantil<\/li>\n\n\n\n<li>educaci\u00f3 prim\u00e0ria<\/li>\n\n\n\n<li>educaci\u00f3 secund\u00e0ria obligat\u00f2ria<\/li>\n<\/ul>\n\n\n\n<figure class=\"wp-block-image size-full\"><a href=\"https:\/\/agora.xtec.cat\/ceippladedalt\/wp-content\/uploads\/usu2126\/2025\/01\/preinscripcio-dates-1.png\"><img loading=\"lazy\" decoding=\"async\" width=\"839\" height=\"463\" src=\"https:\/\/agora.xtec.cat\/ceippladedalt\/wp-content\/uploads\/usu2126\/2025\/01\/preinscripcio-dates-1.png\" alt=\"\" class=\"wp-image-22225\" srcset=\"https:\/\/agora.xtec.cat\/ceippladedalt\/wp-content\/uploads\/usu2126\/2025\/01\/preinscripcio-dates-1.png 839w, https:\/\/agora.xtec.cat\/ceippladedalt\/wp-content\/uploads\/usu2126\/2025\/01\/preinscripcio-dates-1-300x166.png 300w, https:\/\/agora.xtec.cat\/ceippladedalt\/wp-content\/uploads\/usu2126\/2025\/01\/preinscripcio-dates-1-768x424.png 768w\" sizes=\"auto, (max-width: 839px) 100vw, 839px\" \/><\/a><\/figure>\n","protected":false},"excerpt":{"rendered":"<p>A punt per comen\u00e7ar!<\/p>\n<p>Informaci\u00f3 sobre la&nbsp;preinscripci\u00f3 escolar 2025-2026. Novetats.<\/p>\n<p>Si has de preinscriure el teu fill o filla a educaci\u00f3 infantil (3-6), prim\u00e0ria o secund\u00e0ria obligat\u00f2ria, t&#8217;avancem algunes dates, entre les quals destaquem les de&nbsp;presentaci\u00f3 de sol\u00b7licituds:<\/p>\n<ul class=\"wp-block-list\">\n<li>educaci\u00f3 infantil (3-6 anys) i prim\u00e0ria,&nbsp;del 12 al 26&hellip;  <a href=\"https:\/\/agora.xtec.cat\/ceippladedalt\/portada\/preinscripcio-2025-2026\/\" title=\"Read PREINSCRIPCI\u00d3 2025-2026\">Llegeix m\u00e9s\u00bb<\/a><br \/>\n","protected":false},"author":1,"featured_media":22223,"comment_status":"open","ping_status":"open","sticky":false,"template":"","format":"standard","meta":{"_bbp_topic_count":0,"_bbp_reply_count":0,"_bbp_total_topic_count":0,"_bbp_total_reply_count":0,"_bbp_voice_count":0,"_bbp_anonymous_reply_count":0,"_bbp_topic_count_hidden":0,"_bbp_reply_count_hidden":0,"_bbp_forum_subforum_count":0,"footnotes":""},"categories":[4],"tags":[],"class_list":["post-22222","post","type-post","status-publish","format-standard","has-post-thumbnail","hentry","category-portada"],"post_mailing_queue_ids":[],"_links":{"self":[{"href":"https:\/\/agora.xtec.cat\/ceippladedalt\/wp-json\/wp\/v2\/posts\/22222","targetHints":{"allow":["GET"]}}],"collection":[{"href":"https:\/\/agora.xtec.cat\/ceippladedalt\/wp-json\/wp\/v2\/posts"}],"about":[{"href":"https:\/\/agora.xtec.cat\/ceippladedalt\/wp-json\/wp\/v2\/types\/post"}],"author":[{"embeddable":true,"href":"https:\/\/agora.xtec.cat\/ceippladedalt\/wp-json\/wp\/v2\/users\/1"}],"replies":[{"embeddable":true,"href":"https:\/\/agora.xtec.cat\/ceippladedalt\/wp-json\/wp\/v2\/comments?post=22222"}],"version-history":[{"count":2,"href":"https:\/\/agora.xtec.cat\/ceippladedalt\/wp-json\/wp\/v2\/posts\/22222\/revisions"}],"predecessor-version":[{"id":22226,"href":"https:\/\/agora.xtec.cat\/ceippladedalt\/wp-json\/wp\/v2\/posts\/22222\/revisions\/22226"}],"wp:featuredmedia":[{"embeddable":true,"href":"https:\/\/agora.xtec.cat\/ceippladedalt\/wp-json\/wp\/v2\/media\/22223"}],"wp:attachment":[{"href":"https:\/\/agora.xtec.cat\/ceippladedalt\/wp-json\/wp\/v2\/media?parent=22222"}],"wp:term":[{"taxonomy":"category","embeddable":true,"href":"https:\/\/agora.xtec.cat\/ceippladedalt\/wp-json\/wp\/v2\/categories?post=22222"},{"taxonomy":"post_tag","embeddable":true,"href":"https:\/\/agora.xtec.cat\/ceippladedalt\/wp-json\/wp\/v2\/tags?post=22222"}],"curies":[{"name":"wp","href":"https:\/\/api.w.org\/{rel}","templated":true}]}}