{"id":22099,"date":"2025-01-19T17:06:41","date_gmt":"2025-01-19T16:06:41","guid":{"rendered":"https:\/\/agora.xtec.cat\/ceippladedalt\/?p=22099"},"modified":"2025-01-20T13:54:17","modified_gmt":"2025-01-20T12:54:17","slug":"descobrim-la-ciutat-dolot","status":"publish","type":"post","link":"https:\/\/agora.xtec.cat\/ceippladedalt\/cursos\/3r\/descobrim-la-ciutat-dolot\/","title":{"rendered":"Descobrim la ciutat d&#8217;Olot"},"content":{"rendered":"\n<p>Aquesta setmana hem comen\u00e7at la segona situaci\u00f3 d&#8217;aprenentatge d&#8217;aquest curs tot visitant les instal\u00b7lacions de TV i R\u00e0dio Olot i la Pla\u00e7a Mercat de la ciutat. Al llarg d&#8217;aquest segon trimestre descobrirem moltes coses de la nostra ciutat. A trav\u00e9s de diversos tallers, din\u00e0miques, sortides, activitats i moltes propostes d&#8217;aprenentatge intentarem donar resposta al seg\u00fcent repte: <strong>podem aconseguir fer un anunci radiof\u00f2nic amb m\u00e9s de 300 reproduccions per promocionar la ciutat d&#8217;Olot i la seva gastronomia? <\/strong><\/p>\n\n\n\n<p>Volem donar les gr\u00e0cies a la Zaida de Tv Olot per haver-nos guiat per les instal\u00b7lacions d&#8217;aquesta entitat de r\u00e0dio amb m\u00e9s de 70 anys de traject\u00f2ria a la nostra ciutat i m\u00e9s de 25 anys de televisi\u00f3 local. I tamb\u00e9 agra\u00efr els placers que tant amablement han respost les nostres preguntes. <\/p>\n\n\n\n<p>Podeu veure totes les fotografies clicant a la &#8220;icona c\u00e0mara&#8221; de la part superior del blog. <\/p>\n\n\n\n<figure class=\"wp-block-image\"><img loading=\"lazy\" decoding=\"async\" width=\"1200\" height=\"1600\" src=\"https:\/\/agora.xtec.cat\/ceippladedalt\/wp-content\/uploads\/usu2126\/2025\/01\/WhatsApp-Image-2025-01-15-at-16.09.00.jpeg\" alt=\"\" class=\"wp-image-22102\" srcset=\"https:\/\/agora.xtec.cat\/ceippladedalt\/wp-content\/uploads\/usu2126\/2025\/01\/WhatsApp-Image-2025-01-15-at-16.09.00.jpeg 1200w, https:\/\/agora.xtec.cat\/ceippladedalt\/wp-content\/uploads\/usu2126\/2025\/01\/WhatsApp-Image-2025-01-15-at-16.09.00-225x300.jpeg 225w, https:\/\/agora.xtec.cat\/ceippladedalt\/wp-content\/uploads\/usu2126\/2025\/01\/WhatsApp-Image-2025-01-15-at-16.09.00-768x1024.jpeg 768w, https:\/\/agora.xtec.cat\/ceippladedalt\/wp-content\/uploads\/usu2126\/2025\/01\/WhatsApp-Image-2025-01-15-at-16.09.00-1152x1536.jpeg 1152w\" sizes=\"auto, (max-width: 1200px) 100vw, 1200px\" \/><\/figure>\n","protected":false},"excerpt":{"rendered":"<p>Aquesta setmana hem comen\u00e7at la segona situaci\u00f3 d&#8217;aprenentatge d&#8217;aquest curs tot visitant les instal\u00b7lacions de TV i R\u00e0dio Olot i la Pla\u00e7a Mercat de la ciutat. Al llarg d&#8217;aquest segon trimestre descobrirem moltes coses de la nostra ciutat. A trav\u00e9s de diversos tallers, din\u00e0miques, sortides,&hellip;  <a href=\"https:\/\/agora.xtec.cat\/ceippladedalt\/cursos\/3r\/descobrim-la-ciutat-dolot\/\" title=\"Read Descobrim la ciutat d&#8217;Olot\">Llegeix m\u00e9s\u00bb<\/a><\/p>\n","protected":false},"author":69,"featured_media":22100,"comment_status":"open","ping_status":"open","sticky":false,"template":"","format":"standard","meta":{"_bbp_topic_count":0,"_bbp_reply_count":0,"_bbp_total_topic_count":0,"_bbp_total_reply_count":0,"_bbp_voice_count":0,"_bbp_anonymous_reply_count":0,"_bbp_topic_count_hidden":0,"_bbp_reply_count_hidden":0,"_bbp_forum_subforum_count":0,"footnotes":""},"categories":[12],"tags":[75,16],"class_list":["post-22099","post","type-post","status-publish","format-standard","has-post-thumbnail","hentry","category-3r","tag-projectes","tag-sortides"],"post_mailing_queue_ids":[],"_links":{"self":[{"href":"https:\/\/agora.xtec.cat\/ceippladedalt\/wp-json\/wp\/v2\/posts\/22099","targetHints":{"allow":["GET"]}}],"collection":[{"href":"https:\/\/agora.xtec.cat\/ceippladedalt\/wp-json\/wp\/v2\/posts"}],"about":[{"href":"https:\/\/agora.xtec.cat\/ceippladedalt\/wp-json\/wp\/v2\/types\/post"}],"author":[{"embeddable":true,"href":"https:\/\/agora.xtec.cat\/ceippladedalt\/wp-json\/wp\/v2\/users\/69"}],"replies":[{"embeddable":true,"href":"https:\/\/agora.xtec.cat\/ceippladedalt\/wp-json\/wp\/v2\/comments?post=22099"}],"version-history":[{"count":2,"href":"https:\/\/agora.xtec.cat\/ceippladedalt\/wp-json\/wp\/v2\/posts\/22099\/revisions"}],"predecessor-version":[{"id":22104,"href":"https:\/\/agora.xtec.cat\/ceippladedalt\/wp-json\/wp\/v2\/posts\/22099\/revisions\/22104"}],"wp:featuredmedia":[{"embeddable":true,"href":"https:\/\/agora.xtec.cat\/ceippladedalt\/wp-json\/wp\/v2\/media\/22100"}],"wp:attachment":[{"href":"https:\/\/agora.xtec.cat\/ceippladedalt\/wp-json\/wp\/v2\/media?parent=22099"}],"wp:term":[{"taxonomy":"category","embeddable":true,"href":"https:\/\/agora.xtec.cat\/ceippladedalt\/wp-json\/wp\/v2\/categories?post=22099"},{"taxonomy":"post_tag","embeddable":true,"href":"https:\/\/agora.xtec.cat\/ceippladedalt\/wp-json\/wp\/v2\/tags?post=22099"}],"curies":[{"name":"wp","href":"https:\/\/api.w.org\/{rel}","templated":true}]}}