{"id":22000,"date":"2024-12-18T20:02:53","date_gmt":"2024-12-18T19:02:53","guid":{"rendered":"https:\/\/agora.xtec.cat\/ceippladedalt\/?p=22000"},"modified":"2024-12-18T20:02:54","modified_gmt":"2024-12-18T19:02:54","slug":"els-espais-de-nadal","status":"publish","type":"post","link":"https:\/\/agora.xtec.cat\/ceippladedalt\/cursos\/i4\/els-espais-de-nadal\/","title":{"rendered":"ELS ESPAIS DE NADAL"},"content":{"rendered":"\n<p>Les Estrelles del Pop i els LLeons Vergonyosos ja fa dies que vivim el nadal a l&#8217;escola. Aquestes \u00faltimes setmanes hi hem dedicat els nostres espais. Quan la Gemma i la Raquel ens van dir que far\u00edem espais de nadal ja ten\u00edem ganes de comen\u00e7ar, i \u00e9s que  si cliqueu a la m\u00e0quina de fotos veureu que b\u00e9 ens ho hem passat!<\/p>\n","protected":false},"excerpt":{"rendered":"<p>Les Estrelles del Pop i els LLeons Vergonyosos ja fa dies que vivim el nadal a l&#8217;escola. Aquestes \u00faltimes setmanes hi hem dedicat els nostres espais. Quan la Gemma i la Raquel ens van dir que far\u00edem espais de nadal ja ten\u00edem ganes de comen\u00e7ar,&hellip;  <a href=\"https:\/\/agora.xtec.cat\/ceippladedalt\/cursos\/i4\/els-espais-de-nadal\/\" title=\"Read ELS ESPAIS DE NADAL\">Llegeix m\u00e9s\u00bb<\/a><\/p>\n","protected":false},"author":34,"featured_media":22001,"comment_status":"closed","ping_status":"closed","sticky":false,"template":"","format":"standard","meta":{"_bbp_topic_count":0,"_bbp_reply_count":0,"_bbp_total_topic_count":0,"_bbp_total_reply_count":0,"_bbp_voice_count":0,"_bbp_anonymous_reply_count":0,"_bbp_topic_count_hidden":0,"_bbp_reply_count_hidden":0,"_bbp_forum_subforum_count":0,"footnotes":""},"categories":[8],"tags":[],"class_list":["post-22000","post","type-post","status-publish","format-standard","has-post-thumbnail","hentry","category-i4"],"post_mailing_queue_ids":[],"_links":{"self":[{"href":"https:\/\/agora.xtec.cat\/ceippladedalt\/wp-json\/wp\/v2\/posts\/22000","targetHints":{"allow":["GET"]}}],"collection":[{"href":"https:\/\/agora.xtec.cat\/ceippladedalt\/wp-json\/wp\/v2\/posts"}],"about":[{"href":"https:\/\/agora.xtec.cat\/ceippladedalt\/wp-json\/wp\/v2\/types\/post"}],"author":[{"embeddable":true,"href":"https:\/\/agora.xtec.cat\/ceippladedalt\/wp-json\/wp\/v2\/users\/34"}],"replies":[{"embeddable":true,"href":"https:\/\/agora.xtec.cat\/ceippladedalt\/wp-json\/wp\/v2\/comments?post=22000"}],"version-history":[{"count":1,"href":"https:\/\/agora.xtec.cat\/ceippladedalt\/wp-json\/wp\/v2\/posts\/22000\/revisions"}],"predecessor-version":[{"id":22002,"href":"https:\/\/agora.xtec.cat\/ceippladedalt\/wp-json\/wp\/v2\/posts\/22000\/revisions\/22002"}],"wp:featuredmedia":[{"embeddable":true,"href":"https:\/\/agora.xtec.cat\/ceippladedalt\/wp-json\/wp\/v2\/media\/22001"}],"wp:attachment":[{"href":"https:\/\/agora.xtec.cat\/ceippladedalt\/wp-json\/wp\/v2\/media?parent=22000"}],"wp:term":[{"taxonomy":"category","embeddable":true,"href":"https:\/\/agora.xtec.cat\/ceippladedalt\/wp-json\/wp\/v2\/categories?post=22000"},{"taxonomy":"post_tag","embeddable":true,"href":"https:\/\/agora.xtec.cat\/ceippladedalt\/wp-json\/wp\/v2\/tags?post=22000"}],"curies":[{"name":"wp","href":"https:\/\/api.w.org\/{rel}","templated":true}]}}