{"id":21901,"date":"2024-11-18T11:54:42","date_gmt":"2024-11-18T10:54:42","guid":{"rendered":"https:\/\/agora.xtec.cat\/ceippladedalt\/?p=21901"},"modified":"2024-11-18T12:41:09","modified_gmt":"2024-11-18T11:41:09","slug":"calculem-el-malbaratament-alimentari","status":"publish","type":"post","link":"https:\/\/agora.xtec.cat\/ceippladedalt\/portada\/calculem-el-malbaratament-alimentari\/","title":{"rendered":"CALCULEM EL MALBARATAMENT ALIMENTARI"},"content":{"rendered":"\n<figure class=\"wp-block-image size-full\"><a href=\"https:\/\/agora.xtec.cat\/ceippladedalt\/wp-content\/uploads\/usu2126\/2024\/11\/image.png\"><img loading=\"lazy\" decoding=\"async\" width=\"520\" height=\"265\" src=\"https:\/\/agora.xtec.cat\/ceippladedalt\/wp-content\/uploads\/usu2126\/2024\/11\/image.png\" alt=\"\" class=\"wp-image-21907\" srcset=\"https:\/\/agora.xtec.cat\/ceippladedalt\/wp-content\/uploads\/usu2126\/2024\/11\/image.png 520w, https:\/\/agora.xtec.cat\/ceippladedalt\/wp-content\/uploads\/usu2126\/2024\/11\/image-300x153.png 300w\" sizes=\"auto, (max-width: 520px) 100vw, 520px\" \/><\/a><\/figure>\n\n\n\n<p><\/p>\n\n\n\n<p><strong>Des de l&#8217;empresa que gestiona el menjador BOISA, aquesta setmana iniciaran la recollida de dades pel\u00a0<strong>Pla per reduir el Malbaratament alimentari.<\/strong>\u00a0Us adjuntem el d\u00edptic informatiu.<\/strong><\/p>\n\n\n\n<figure class=\"wp-block-image size-large\"><a href=\"https:\/\/agricultura.gencat.cat\/web\/.content\/04-alimentacio\/malbaratament-alimentari\/enllacos-documents\/fitxers-binaris\/Guia_Malbaratament_ESCOLES_OK-FINAL_2.pdf\"><img loading=\"lazy\" decoding=\"async\" width=\"576\" height=\"1024\" src=\"https:\/\/agora.xtec.cat\/ceippladedalt\/wp-content\/uploads\/usu2126\/2024\/11\/Diptic-1-576x1024.png\" alt=\"\" class=\"wp-image-21903\" srcset=\"https:\/\/agora.xtec.cat\/ceippladedalt\/wp-content\/uploads\/usu2126\/2024\/11\/Diptic-1-576x1024.png 576w, https:\/\/agora.xtec.cat\/ceippladedalt\/wp-content\/uploads\/usu2126\/2024\/11\/Diptic-1-169x300.png 169w, https:\/\/agora.xtec.cat\/ceippladedalt\/wp-content\/uploads\/usu2126\/2024\/11\/Diptic-1-768x1365.png 768w, https:\/\/agora.xtec.cat\/ceippladedalt\/wp-content\/uploads\/usu2126\/2024\/11\/Diptic-1-864x1536.png 864w, https:\/\/agora.xtec.cat\/ceippladedalt\/wp-content\/uploads\/usu2126\/2024\/11\/Diptic-1.png 1100w\" sizes=\"auto, (max-width: 576px) 100vw, 576px\" \/><\/a><\/figure>\n\n\n\n<p>Durant el curs es faran una s\u00e8rie de<strong>&nbsp;tallers per calcular quant menjar es llen\u00e7a i per prevenir i reduir les p\u00e8rdues<\/strong>. Les activitats consistiran en qu\u00e8 l&#8217;equip de cuina i monitoratge, juntament amb els infants, s&#8217;encarregar\u00e0 de pesar el menjar malbaratat&nbsp;a la cuina i als plats de l&#8217;alumnat.<\/p>\n\n\n\n<p>El malbaratament alimentari, segons l&#8217;Ag\u00e8ncia Catalana de Residus, consisteix en aquell menjar que es descarta o es destina a usos diferents de l&#8217;alimentaci\u00f3 humana o animal al llarg de tota la cadena aliment\u00e0ria malgrat considerar-se segurs i nutritius per les persones.&nbsp;<strong>Les p\u00e8rdues aliment\u00e0ries contribueixen el canvi clim\u00e0tic<\/strong>, suposen malgastar recursos naturals com aigua, energia i terra i tamb\u00e9 causen p\u00e8rdues econ\u00f2miques i de recursos humans.<\/p>\n\n\n\n<p>Si us interessa aprofundir-hi, podeu consultar la&nbsp;&nbsp;<strong><a href=\"https:\/\/agricultura.gencat.cat\/web\/.content\/04-alimentacio\/malbaratament-alimentari\/enllacos-documents\/fitxers-binaris\/Guia_Malbaratament_ESCOLES_OK-FINAL_2.pdf\" target=\"_blank\" rel=\"noreferrer noopener\">Guia per a la prevenci\u00f3 del malbaratament alimentari als menjadors escolars<\/a><\/strong>,&nbsp;, elaborada pel Departament d&#8217;Acci\u00f3 Clim\u00e0tica, Alimentaci\u00f3 i Ag\u00e8ncia Rural.<\/p>\n\n\n\n<p>Per un consum responsable!<\/p>\n","protected":false},"excerpt":{"rendered":"<p><a href=\"https:\/\/agora.xtec.cat\/ceippladedalt\/wp-content\/uploads\/usu2126\/2024\/11\/image.png\"><\/a><\/p>\n<p>Des de l&#8217;empresa que gestiona el menjador BOISA, aquesta setmana iniciaran la recollida de dades pel\u00a0Pla per reduir el Malbaratament alimentari.\u00a0Us adjuntem el d\u00edptic informatiu.<\/p>\n<p><a href=\"https:\/\/agricultura.gencat.cat\/web\/.content\/04-alimentacio\/malbaratament-alimentari\/enllacos-documents\/fitxers-binaris\/Guia_Malbaratament_ESCOLES_OK-FINAL_2.pdf\"><\/a><\/p>\n<p>Durant el curs es faran una s\u00e8rie de&nbsp;tallers per calcular quant menjar es llen\u00e7a i per prevenir i reduir&hellip;  <a href=\"https:\/\/agora.xtec.cat\/ceippladedalt\/portada\/calculem-el-malbaratament-alimentari\/\" title=\"Read CALCULEM EL MALBARATAMENT ALIMENTARI\">Llegeix m\u00e9s\u00bb<\/a><\/p>\n","protected":false},"author":1,"featured_media":21902,"comment_status":"open","ping_status":"open","sticky":false,"template":"","format":"standard","meta":{"_bbp_topic_count":0,"_bbp_reply_count":0,"_bbp_total_topic_count":0,"_bbp_total_reply_count":0,"_bbp_voice_count":0,"_bbp_anonymous_reply_count":0,"_bbp_topic_count_hidden":0,"_bbp_reply_count_hidden":0,"_bbp_forum_subforum_count":0,"footnotes":""},"categories":[4],"tags":[],"class_list":["post-21901","post","type-post","status-publish","format-standard","has-post-thumbnail","hentry","category-portada"],"post_mailing_queue_ids":[],"_links":{"self":[{"href":"https:\/\/agora.xtec.cat\/ceippladedalt\/wp-json\/wp\/v2\/posts\/21901","targetHints":{"allow":["GET"]}}],"collection":[{"href":"https:\/\/agora.xtec.cat\/ceippladedalt\/wp-json\/wp\/v2\/posts"}],"about":[{"href":"https:\/\/agora.xtec.cat\/ceippladedalt\/wp-json\/wp\/v2\/types\/post"}],"author":[{"embeddable":true,"href":"https:\/\/agora.xtec.cat\/ceippladedalt\/wp-json\/wp\/v2\/users\/1"}],"replies":[{"embeddable":true,"href":"https:\/\/agora.xtec.cat\/ceippladedalt\/wp-json\/wp\/v2\/comments?post=21901"}],"version-history":[{"count":4,"href":"https:\/\/agora.xtec.cat\/ceippladedalt\/wp-json\/wp\/v2\/posts\/21901\/revisions"}],"predecessor-version":[{"id":21909,"href":"https:\/\/agora.xtec.cat\/ceippladedalt\/wp-json\/wp\/v2\/posts\/21901\/revisions\/21909"}],"wp:featuredmedia":[{"embeddable":true,"href":"https:\/\/agora.xtec.cat\/ceippladedalt\/wp-json\/wp\/v2\/media\/21902"}],"wp:attachment":[{"href":"https:\/\/agora.xtec.cat\/ceippladedalt\/wp-json\/wp\/v2\/media?parent=21901"}],"wp:term":[{"taxonomy":"category","embeddable":true,"href":"https:\/\/agora.xtec.cat\/ceippladedalt\/wp-json\/wp\/v2\/categories?post=21901"},{"taxonomy":"post_tag","embeddable":true,"href":"https:\/\/agora.xtec.cat\/ceippladedalt\/wp-json\/wp\/v2\/tags?post=21901"}],"curies":[{"name":"wp","href":"https:\/\/api.w.org\/{rel}","templated":true}]}}