{"id":21894,"date":"2024-11-12T09:53:50","date_gmt":"2024-11-12T08:53:50","guid":{"rendered":"https:\/\/agora.xtec.cat\/ceippladedalt\/?p=21894"},"modified":"2024-11-12T09:55:29","modified_gmt":"2024-11-12T08:55:29","slug":"lluernia-la-ciutat-collage","status":"publish","type":"post","link":"https:\/\/agora.xtec.cat\/ceippladedalt\/portada\/lluernia-la-ciutat-collage\/","title":{"rendered":"LLU\u00c8RNIA 2024 &#8220;LA CIUTAT COLLAGE&#8221;"},"content":{"rendered":"\n<p><strong>LA CIUTAT COLLAGE a la pla\u00e7a Balmes els dies 8 i 9 de novembre quan es faci fosc.<\/strong><\/p>\n\n\n\n<p><strong>La ciutat est\u00e0 constru\u00efda pel sumatori d\u2019edificis que cont\u00e9. Cada casa \u00e9s una llar on fan vida els seus habitants. A trav\u00e9s de les seves obertures es relaciona l\u2019espai privat i dom\u00e8stic amb la ciutat, amb<\/strong><br><strong>la col\u00b7lectivitat i amb l\u2019urbanisme. En aquestes relacions apareixen a les finestres i els balcons.&nbsp;<\/strong><br><strong>Constru\u00efm una ciutat nova a partir del collage de balcons i finestres. Tota l&#8217;escola Pla de Dalt ha participat en el muntatge, juntament amb altres escoles d&#8217;Olot i Garrotxa.<\/strong><br><strong>La llum que prov\u00e9 de les finestres evidencia la vida interior que els edificis poden contenir. La llum canviant narra la quotidianitat. La domesticitat fa ciutat. Constru\u00efm <a href=\"https:\/\/lluernia.cat\/wp-content\/uploads\/2024\/11\/Lluernia_2024-Mapa-desplegable.pdf\">La ciutat collage<\/a>.<\/strong><\/p>\n\n\n\n<figure class=\"wp-block-image size-large\"><a href=\"https:\/\/agora.xtec.cat\/ceippladedalt\/wp-content\/uploads\/usu2126\/2024\/11\/Lluernia-24.jpeg\"><img loading=\"lazy\" decoding=\"async\" width=\"1024\" height=\"512\" src=\"https:\/\/agora.xtec.cat\/ceippladedalt\/wp-content\/uploads\/usu2126\/2024\/11\/Lluernia-24-1024x512.jpeg\" alt=\"\" class=\"wp-image-21879\" srcset=\"https:\/\/agora.xtec.cat\/ceippladedalt\/wp-content\/uploads\/usu2126\/2024\/11\/Lluernia-24-1024x512.jpeg 1024w, https:\/\/agora.xtec.cat\/ceippladedalt\/wp-content\/uploads\/usu2126\/2024\/11\/Lluernia-24-300x150.jpeg 300w, https:\/\/agora.xtec.cat\/ceippladedalt\/wp-content\/uploads\/usu2126\/2024\/11\/Lluernia-24-768x384.jpeg 768w, https:\/\/agora.xtec.cat\/ceippladedalt\/wp-content\/uploads\/usu2126\/2024\/11\/Lluernia-24-1536x768.jpeg 1536w, https:\/\/agora.xtec.cat\/ceippladedalt\/wp-content\/uploads\/usu2126\/2024\/11\/Lluernia-24.jpeg 2048w\" sizes=\"auto, (max-width: 1024px) 100vw, 1024px\" \/><\/a><\/figure>\n\n\n\n<p><strong>Esperem que ho gaudiu!\u00a0<\/strong><\/p>\n\n\n\n<figure class=\"wp-block-image size-large\"><a href=\"https:\/\/agora.xtec.cat\/ceippladedalt\/wp-content\/uploads\/usu2126\/2024\/11\/Lluernia-24-a.jpeg\"><img loading=\"lazy\" decoding=\"async\" width=\"768\" height=\"1024\" src=\"https:\/\/agora.xtec.cat\/ceippladedalt\/wp-content\/uploads\/usu2126\/2024\/11\/Lluernia-24-a-768x1024.jpeg\" alt=\"\" class=\"wp-image-21881\" srcset=\"https:\/\/agora.xtec.cat\/ceippladedalt\/wp-content\/uploads\/usu2126\/2024\/11\/Lluernia-24-a-768x1024.jpeg 768w, https:\/\/agora.xtec.cat\/ceippladedalt\/wp-content\/uploads\/usu2126\/2024\/11\/Lluernia-24-a-225x300.jpeg 225w, https:\/\/agora.xtec.cat\/ceippladedalt\/wp-content\/uploads\/usu2126\/2024\/11\/Lluernia-24-a-1152x1536.jpeg 1152w, https:\/\/agora.xtec.cat\/ceippladedalt\/wp-content\/uploads\/usu2126\/2024\/11\/Lluernia-24-a.jpeg 1500w\" sizes=\"auto, (max-width: 768px) 100vw, 768px\" \/><\/a><\/figure>\n","protected":false},"excerpt":{"rendered":"<p>LA CIUTAT COLLAGE a la pla\u00e7a Balmes els dies 8 i 9 de novembre quan es faci fosc.<\/p>\n<p>La ciutat est\u00e0 constru\u00efda pel sumatori d\u2019edificis que cont\u00e9. Cada casa \u00e9s una llar on fan vida els seus habitants. A trav\u00e9s de les seves obertures es relaciona&hellip;  <a href=\"https:\/\/agora.xtec.cat\/ceippladedalt\/portada\/lluernia-la-ciutat-collage\/\" title=\"Read LLU\u00c8RNIA 2024 &#8220;LA CIUTAT COLLAGE&#8221;\">Llegeix m\u00e9s\u00bb<\/a><\/p>\n","protected":false},"author":1,"featured_media":21881,"comment_status":"open","ping_status":"open","sticky":false,"template":"","format":"standard","meta":{"_bbp_topic_count":0,"_bbp_reply_count":0,"_bbp_total_topic_count":0,"_bbp_total_reply_count":0,"_bbp_voice_count":0,"_bbp_anonymous_reply_count":0,"_bbp_topic_count_hidden":0,"_bbp_reply_count_hidden":0,"_bbp_forum_subforum_count":0,"footnotes":""},"categories":[4],"tags":[],"class_list":["post-21894","post","type-post","status-publish","format-standard","has-post-thumbnail","hentry","category-portada"],"post_mailing_queue_ids":[],"_links":{"self":[{"href":"https:\/\/agora.xtec.cat\/ceippladedalt\/wp-json\/wp\/v2\/posts\/21894","targetHints":{"allow":["GET"]}}],"collection":[{"href":"https:\/\/agora.xtec.cat\/ceippladedalt\/wp-json\/wp\/v2\/posts"}],"about":[{"href":"https:\/\/agora.xtec.cat\/ceippladedalt\/wp-json\/wp\/v2\/types\/post"}],"author":[{"embeddable":true,"href":"https:\/\/agora.xtec.cat\/ceippladedalt\/wp-json\/wp\/v2\/users\/1"}],"replies":[{"embeddable":true,"href":"https:\/\/agora.xtec.cat\/ceippladedalt\/wp-json\/wp\/v2\/comments?post=21894"}],"version-history":[{"count":2,"href":"https:\/\/agora.xtec.cat\/ceippladedalt\/wp-json\/wp\/v2\/posts\/21894\/revisions"}],"predecessor-version":[{"id":21896,"href":"https:\/\/agora.xtec.cat\/ceippladedalt\/wp-json\/wp\/v2\/posts\/21894\/revisions\/21896"}],"wp:featuredmedia":[{"embeddable":true,"href":"https:\/\/agora.xtec.cat\/ceippladedalt\/wp-json\/wp\/v2\/media\/21881"}],"wp:attachment":[{"href":"https:\/\/agora.xtec.cat\/ceippladedalt\/wp-json\/wp\/v2\/media?parent=21894"}],"wp:term":[{"taxonomy":"category","embeddable":true,"href":"https:\/\/agora.xtec.cat\/ceippladedalt\/wp-json\/wp\/v2\/categories?post=21894"},{"taxonomy":"post_tag","embeddable":true,"href":"https:\/\/agora.xtec.cat\/ceippladedalt\/wp-json\/wp\/v2\/tags?post=21894"}],"curies":[{"name":"wp","href":"https:\/\/api.w.org\/{rel}","templated":true}]}}