{"id":21867,"date":"2024-10-25T19:10:05","date_gmt":"2024-10-25T17:10:05","guid":{"rendered":"https:\/\/agora.xtec.cat\/ceippladedalt\/?p=21867"},"modified":"2024-11-06T19:25:31","modified_gmt":"2024-11-06T18:25:31","slug":"la-castanyada-i-halloween","status":"publish","type":"post","link":"https:\/\/agora.xtec.cat\/ceippladedalt\/portada\/la-castanyada-i-halloween\/","title":{"rendered":"LA CASTANYADA I &#8230; HALLOWEEN"},"content":{"rendered":"\n<figure class=\"wp-block-image size-large is-resized\"><a href=\"https:\/\/agora.xtec.cat\/ceippladedalt\/wp-content\/uploads\/usu2126\/2024\/10\/Castaween.gif\"><img loading=\"lazy\" decoding=\"async\" width=\"1024\" height=\"596\" src=\"https:\/\/agora.xtec.cat\/ceippladedalt\/wp-content\/uploads\/usu2126\/2024\/10\/Castaween-1024x596.gif\" alt=\"\" class=\"wp-image-21459\" style=\"width:840px;height:auto\" srcset=\"https:\/\/agora.xtec.cat\/ceippladedalt\/wp-content\/uploads\/usu2126\/2024\/10\/Castaween-1024x596.gif 1024w, https:\/\/agora.xtec.cat\/ceippladedalt\/wp-content\/uploads\/usu2126\/2024\/10\/Castaween-300x175.gif 300w, https:\/\/agora.xtec.cat\/ceippladedalt\/wp-content\/uploads\/usu2126\/2024\/10\/Castaween-768x447.gif 768w\" sizes=\"auto, (max-width: 1024px) 100vw, 1024px\" \/><\/a><\/figure>\n\n\n\n<p>La setmana vinent ser\u00e0 la Setmana de la Castanyada!!!&nbsp; Tres dies plens d&#8217;activitats, exposicions i moltes sorpreses!! <strong>Us recordem que els dies<u>&nbsp;31 d&#8217;octubre<\/u>&nbsp;i&nbsp;<u>1 de novembre no hi ha escola.<\/u><\/strong><\/p>\n\n\n\n<p><strong><u>DILLUNS 28 D&#8217;OCTUBRE<\/u><\/strong><\/p>\n\n\n\n<p>Al mat\u00ed a 2\/4 de 12 els alumnes d&#8217;infantil i d&#8217;inicial rebran la visita de la Castanyera del Centre d&#8217;iniciatives tur\u00edstiques (CIT) d&#8217;Olot.&nbsp;<\/p>\n\n\n\n<p>A la tarda, a 2\/4 de 5, les fam\u00edlies d&#8217;I5 han organitzat una tarda l\u00fadica amb venda de berenars i moltes activitats (manualitats, gimcana, jocs&#8230;) al parc de l&#8217;escola, en benefici de les col\u00f2nies d&#8217;I5.<\/p>\n\n\n\n<p><strong><u>DIMARTS 29 D&#8217;OCTUBRE<\/u><\/strong><\/p>\n\n\n\n<p>Tots els nens i nenes poden portar un complement de Halloween que no sigui violent ni tapi totalment la cara.<\/p>\n\n\n\n<p>A la tarda, a 2\/4 de 5 &#8220;Exposici\u00f3 de Carbasses&#8221; i T\u00fanel de Halloween per a totes les fam\u00edlies de l&#8217;escola.<\/p>\n\n\n\n<p><strong><u>DIMECRES 30 D&#8217;OCTUBRE<\/u><\/strong><\/p>\n\n\n\n<p>A la tarda, celebrarem a la pista la<strong>&nbsp;&#8220;Festa de la&nbsp;Castanyada&#8221;<\/strong>&nbsp;a l&#8217;escola, per aix\u00f2,&nbsp;<strong><u>animem a tots els nens i nenes que portin posat algun complement de castanyers i castanyeres<\/u><\/strong>!!<\/p>\n\n\n\n<p>Durant el mat\u00ed els alumnes de 6\u00e8 caracteritzats de castanyers i castanyeres faran unes representacions teatrals per les aules.<\/p>\n\n\n\n<p>Durant els esbarjos del mat\u00ed&nbsp;i del menjador tindr\u00e0 lloc la tercera edici\u00f3 de la &#8220;Castanya Ol\u00edmpica&#8221;.<\/p>\n\n\n\n<p>I finalment, a la tarda, anirem a veure com torren les castanyes, ballarem i menjarem castanyes a la pista!!<\/p>\n\n\n\n<p><strong>FELI\u00c7&nbsp;CASTANYADA!!!!!<\/strong><img decoding=\"async\" alt=\"\ud83d\udd25\" src=\"https:\/\/fonts.gstatic.com\/s\/e\/notoemoji\/15.1\/1f525\/32.png\"><img decoding=\"async\" alt=\"\ud83c\udf30\" src=\"https:\/\/fonts.gstatic.com\/s\/e\/notoemoji\/15.1\/1f330\/32.png\"><img decoding=\"async\" alt=\"\ud83c\udf30\" src=\"https:\/\/fonts.gstatic.com\/s\/e\/notoemoji\/15.1\/1f330\/32.png\"><img decoding=\"async\" alt=\"\ud83c\udf30\" src=\"https:\/\/fonts.gstatic.com\/s\/e\/notoemoji\/15.1\/1f330\/32.png\"><img decoding=\"async\" alt=\"\ud83c\udf30\" src=\"https:\/\/fonts.gstatic.com\/s\/e\/notoemoji\/15.1\/1f330\/32.png\"><img decoding=\"async\" alt=\"\ud83c\udf30\" src=\"https:\/\/fonts.gstatic.com\/s\/e\/notoemoji\/15.1\/1f330\/32.png\"><img decoding=\"async\" alt=\"\ud83c\udf30\" src=\"https:\/\/fonts.gstatic.com\/s\/e\/notoemoji\/15.1\/1f330\/32.png\"><\/p>\n\n\n\n<figure class=\"wp-block-image size-large\"><a href=\"https:\/\/agora.xtec.cat\/ceippladedalt\/wp-content\/uploads\/usu2126\/2024\/11\/La-castanyada-24.jpeg\"><img loading=\"lazy\" decoding=\"async\" width=\"1024\" height=\"683\" src=\"https:\/\/agora.xtec.cat\/ceippladedalt\/wp-content\/uploads\/usu2126\/2024\/11\/La-castanyada-24-1024x683.jpeg\" alt=\"\" class=\"wp-image-21871\" srcset=\"https:\/\/agora.xtec.cat\/ceippladedalt\/wp-content\/uploads\/usu2126\/2024\/11\/La-castanyada-24-1024x683.jpeg 1024w, https:\/\/agora.xtec.cat\/ceippladedalt\/wp-content\/uploads\/usu2126\/2024\/11\/La-castanyada-24-300x200.jpeg 300w, https:\/\/agora.xtec.cat\/ceippladedalt\/wp-content\/uploads\/usu2126\/2024\/11\/La-castanyada-24-768x512.jpeg 768w, https:\/\/agora.xtec.cat\/ceippladedalt\/wp-content\/uploads\/usu2126\/2024\/11\/La-castanyada-24-1536x1025.jpeg 1536w, https:\/\/agora.xtec.cat\/ceippladedalt\/wp-content\/uploads\/usu2126\/2024\/11\/La-castanyada-24.jpeg 2048w\" sizes=\"auto, (max-width: 1024px) 100vw, 1024px\" \/><\/a><\/figure>\n","protected":false},"excerpt":{"rendered":"<p><a href=\"https:\/\/agora.xtec.cat\/ceippladedalt\/wp-content\/uploads\/usu2126\/2024\/10\/Castaween.gif\"><\/a><\/p>\n<p>La setmana vinent ser\u00e0 la Setmana de la Castanyada!!!&nbsp; Tres dies plens d&#8217;activitats, exposicions i moltes sorpreses!! Us recordem que els dies&nbsp;31 d&#8217;octubre&nbsp;i&nbsp;1 de novembre no hi ha escola.<\/p>\n<p>DILLUNS 28 D&#8217;OCTUBRE<\/p>\n<p>Al mat\u00ed a 2\/4 de 12 els alumnes d&#8217;infantil i d&#8217;inicial rebran la visita&hellip;  <a href=\"https:\/\/agora.xtec.cat\/ceippladedalt\/portada\/la-castanyada-i-halloween\/\" title=\"Read LA CASTANYADA I &#8230; HALLOWEEN\">Llegeix m\u00e9s\u00bb<\/a><\/p>\n","protected":false},"author":1,"featured_media":21458,"comment_status":"open","ping_status":"open","sticky":false,"template":"","format":"standard","meta":{"_bbp_topic_count":0,"_bbp_reply_count":0,"_bbp_total_topic_count":0,"_bbp_total_reply_count":0,"_bbp_voice_count":0,"_bbp_anonymous_reply_count":0,"_bbp_topic_count_hidden":0,"_bbp_reply_count_hidden":0,"_bbp_forum_subforum_count":0,"footnotes":""},"categories":[4],"tags":[],"class_list":["post-21867","post","type-post","status-publish","format-standard","has-post-thumbnail","hentry","category-portada"],"post_mailing_queue_ids":[],"_links":{"self":[{"href":"https:\/\/agora.xtec.cat\/ceippladedalt\/wp-json\/wp\/v2\/posts\/21867","targetHints":{"allow":["GET"]}}],"collection":[{"href":"https:\/\/agora.xtec.cat\/ceippladedalt\/wp-json\/wp\/v2\/posts"}],"about":[{"href":"https:\/\/agora.xtec.cat\/ceippladedalt\/wp-json\/wp\/v2\/types\/post"}],"author":[{"embeddable":true,"href":"https:\/\/agora.xtec.cat\/ceippladedalt\/wp-json\/wp\/v2\/users\/1"}],"replies":[{"embeddable":true,"href":"https:\/\/agora.xtec.cat\/ceippladedalt\/wp-json\/wp\/v2\/comments?post=21867"}],"version-history":[{"count":3,"href":"https:\/\/agora.xtec.cat\/ceippladedalt\/wp-json\/wp\/v2\/posts\/21867\/revisions"}],"predecessor-version":[{"id":21872,"href":"https:\/\/agora.xtec.cat\/ceippladedalt\/wp-json\/wp\/v2\/posts\/21867\/revisions\/21872"}],"wp:featuredmedia":[{"embeddable":true,"href":"https:\/\/agora.xtec.cat\/ceippladedalt\/wp-json\/wp\/v2\/media\/21458"}],"wp:attachment":[{"href":"https:\/\/agora.xtec.cat\/ceippladedalt\/wp-json\/wp\/v2\/media?parent=21867"}],"wp:term":[{"taxonomy":"category","embeddable":true,"href":"https:\/\/agora.xtec.cat\/ceippladedalt\/wp-json\/wp\/v2\/categories?post=21867"},{"taxonomy":"post_tag","embeddable":true,"href":"https:\/\/agora.xtec.cat\/ceippladedalt\/wp-json\/wp\/v2\/tags?post=21867"}],"curies":[{"name":"wp","href":"https:\/\/api.w.org\/{rel}","templated":true}]}}