{"id":2163,"date":"2021-04-19T10:34:48","date_gmt":"2021-04-19T08:34:48","guid":{"rendered":"https:\/\/agora.xtec.cat\/ceippladedalt\/?p=2163"},"modified":"2021-04-19T10:48:14","modified_gmt":"2021-04-19T08:48:14","slug":"consulta-la-llista-de-sol%c2%b7licituds-amb-la-puntuacio","status":"publish","type":"post","link":"https:\/\/agora.xtec.cat\/ceippladedalt\/portada\/consulta-la-llista-de-sol%c2%b7licituds-amb-la-puntuacio\/","title":{"rendered":"CONSULTA LA LLISTA DE SOL\u00b7LICITUDS AMB LA PUNTUACI\u00d3"},"content":{"rendered":"<p>A partir d&#8217;avui 19 d&#8217;abril es pot consultar la <strong>llista de sol\u00b7licituds amb la puntuaci\u00f3 provisional<\/strong> a la web del nostre centre i a la web del Departament d&#8217;Educaci\u00f3 clicant el seg\u00fcent<strong> <a href=\"https:\/\/preinscripcio.gencat.cat\/ca\/estudis\/infantil-3-6\/preinscriute\/seguiment-sollicitud\/llista-sollicituds-puntuacio\/\">enlla\u00e7<\/a>.<\/strong> En aquest cas, el de la web, cal triar l\u2019enlla\u00e7 en funci\u00f3 del tipus de sol\u00b7licitud presentada. Si es va presentar la sol\u00b7licitud electr\u00f2nica, caldr\u00e0 identificar-se electr\u00f2nicament.<\/p>\n<p>El termini per presentar reclamacions de la puntuaci\u00f3 provisional \u00e9s del <strong>20 al 26 d&#8217;abril<\/strong>, en la mateixa web del Departament (en l\u00ednia) o presentant la <strong><a href=\"https:\/\/documents.espai.educacio.gencat.cat\/FormularisModels\/CentresGestioAdministrativa\/A895.pdf\">reclamaci\u00f3<\/a><\/strong> en format paper.<\/p>\n","protected":false},"excerpt":{"rendered":"<p>A partir d&#8217;avui 19 d&#8217;abril es pot consultar la llista de sol\u00b7licituds amb la puntuaci\u00f3 provisional a la web del nostre centre i a la web del Departament d&#8217;Educaci\u00f3 clicant el seg\u00fcent <a href=\"https:\/\/preinscripcio.gencat.cat\/ca\/estudis\/infantil-3-6\/preinscriute\/seguiment-sollicitud\/llista-sollicituds-puntuacio\/\">enlla\u00e7<\/a>. En aquest cas, el de la web, cal triar l\u2019enlla\u00e7 en&hellip;  <a href=\"https:\/\/agora.xtec.cat\/ceippladedalt\/portada\/consulta-la-llista-de-sol%c2%b7licituds-amb-la-puntuacio\/\" title=\"Read CONSULTA LA LLISTA DE SOL\u00b7LICITUDS AMB LA PUNTUACI\u00d3\">Llegeix m\u00e9s\u00bb<\/a><\/p>\n","protected":false},"author":1,"featured_media":2166,"comment_status":"open","ping_status":"closed","sticky":false,"template":"","format":"standard","meta":{"_bbp_topic_count":0,"_bbp_reply_count":0,"_bbp_total_topic_count":0,"_bbp_total_reply_count":0,"_bbp_voice_count":0,"_bbp_anonymous_reply_count":0,"_bbp_topic_count_hidden":0,"_bbp_reply_count_hidden":0,"_bbp_forum_subforum_count":0,"footnotes":""},"categories":[4],"tags":[],"class_list":["post-2163","post","type-post","status-publish","format-standard","has-post-thumbnail","hentry","category-portada"],"post_mailing_queue_ids":[],"_links":{"self":[{"href":"https:\/\/agora.xtec.cat\/ceippladedalt\/wp-json\/wp\/v2\/posts\/2163","targetHints":{"allow":["GET"]}}],"collection":[{"href":"https:\/\/agora.xtec.cat\/ceippladedalt\/wp-json\/wp\/v2\/posts"}],"about":[{"href":"https:\/\/agora.xtec.cat\/ceippladedalt\/wp-json\/wp\/v2\/types\/post"}],"author":[{"embeddable":true,"href":"https:\/\/agora.xtec.cat\/ceippladedalt\/wp-json\/wp\/v2\/users\/1"}],"replies":[{"embeddable":true,"href":"https:\/\/agora.xtec.cat\/ceippladedalt\/wp-json\/wp\/v2\/comments?post=2163"}],"version-history":[{"count":2,"href":"https:\/\/agora.xtec.cat\/ceippladedalt\/wp-json\/wp\/v2\/posts\/2163\/revisions"}],"predecessor-version":[{"id":2165,"href":"https:\/\/agora.xtec.cat\/ceippladedalt\/wp-json\/wp\/v2\/posts\/2163\/revisions\/2165"}],"wp:featuredmedia":[{"embeddable":true,"href":"https:\/\/agora.xtec.cat\/ceippladedalt\/wp-json\/wp\/v2\/media\/2166"}],"wp:attachment":[{"href":"https:\/\/agora.xtec.cat\/ceippladedalt\/wp-json\/wp\/v2\/media?parent=2163"}],"wp:term":[{"taxonomy":"category","embeddable":true,"href":"https:\/\/agora.xtec.cat\/ceippladedalt\/wp-json\/wp\/v2\/categories?post=2163"},{"taxonomy":"post_tag","embeddable":true,"href":"https:\/\/agora.xtec.cat\/ceippladedalt\/wp-json\/wp\/v2\/tags?post=2163"}],"curies":[{"name":"wp","href":"https:\/\/api.w.org\/{rel}","templated":true}]}}