{"id":21285,"date":"2024-09-29T17:48:06","date_gmt":"2024-09-29T15:48:06","guid":{"rendered":"https:\/\/agora.xtec.cat\/ceippladedalt\/?p=21285"},"modified":"2024-09-29T17:51:09","modified_gmt":"2024-09-29T15:51:09","slug":"sortida-de-convivencia-i4-i-i5-2","status":"publish","type":"post","link":"https:\/\/agora.xtec.cat\/ceippladedalt\/cursos\/sortida-de-convivencia-i4-i-i5-2\/","title":{"rendered":"SORTIDA DE CONVIV\u00c8NCIA I4 I I5"},"content":{"rendered":"\n<figure class=\"wp-block-image\"><img loading=\"lazy\" decoding=\"async\" width=\"487\" height=\"650\" src=\"https:\/\/agora.xtec.cat\/ceippladedalt\/wp-content\/uploads\/usu2126\/2024\/09\/20240926_125225.png\" alt=\"\" class=\"wp-image-21286\" srcset=\"https:\/\/agora.xtec.cat\/ceippladedalt\/wp-content\/uploads\/usu2126\/2024\/09\/20240926_125225.png 487w, https:\/\/agora.xtec.cat\/ceippladedalt\/wp-content\/uploads\/usu2126\/2024\/09\/20240926_125225-225x300.png 225w\" sizes=\"auto, (max-width: 487px) 100vw, 487px\" \/><\/figure>\n\n\n\n<p>Els nens i les nenes d&#8217;I4 i d&#8217;I5 vam fer la sortida de conviv\u00e8ncia al Parc Nou. Ens ho vam passar molt i molt b\u00e9 tots junts. Podeu veure les fotografies a l&#8217;enlla\u00e7 de les fotos de cada curs.<\/p>\n","protected":false},"excerpt":{"rendered":"<p>Els nens i les nenes d&#8217;I4 i d&#8217;I5 vam fer la sortida de conviv\u00e8ncia al Parc Nou. Ens ho vam passar molt i molt b\u00e9 tots junts. Podeu veure les fotografies a l&#8217;enlla\u00e7 de les fotos de cada curs.<\/p>\n","protected":false},"author":24,"featured_media":21286,"comment_status":"closed","ping_status":"closed","sticky":false,"template":"","format":"standard","meta":{"_bbp_topic_count":0,"_bbp_reply_count":0,"_bbp_total_topic_count":0,"_bbp_total_reply_count":0,"_bbp_voice_count":0,"_bbp_anonymous_reply_count":0,"_bbp_topic_count_hidden":0,"_bbp_reply_count_hidden":0,"_bbp_forum_subforum_count":0,"footnotes":""},"categories":[5,8,65],"tags":[],"class_list":["post-21285","post","type-post","status-publish","format-standard","has-post-thumbnail","hentry","category-cursos","category-i4","category-i5"],"post_mailing_queue_ids":[],"_links":{"self":[{"href":"https:\/\/agora.xtec.cat\/ceippladedalt\/wp-json\/wp\/v2\/posts\/21285","targetHints":{"allow":["GET"]}}],"collection":[{"href":"https:\/\/agora.xtec.cat\/ceippladedalt\/wp-json\/wp\/v2\/posts"}],"about":[{"href":"https:\/\/agora.xtec.cat\/ceippladedalt\/wp-json\/wp\/v2\/types\/post"}],"author":[{"embeddable":true,"href":"https:\/\/agora.xtec.cat\/ceippladedalt\/wp-json\/wp\/v2\/users\/24"}],"replies":[{"embeddable":true,"href":"https:\/\/agora.xtec.cat\/ceippladedalt\/wp-json\/wp\/v2\/comments?post=21285"}],"version-history":[{"count":1,"href":"https:\/\/agora.xtec.cat\/ceippladedalt\/wp-json\/wp\/v2\/posts\/21285\/revisions"}],"predecessor-version":[{"id":21287,"href":"https:\/\/agora.xtec.cat\/ceippladedalt\/wp-json\/wp\/v2\/posts\/21285\/revisions\/21287"}],"wp:featuredmedia":[{"embeddable":true,"href":"https:\/\/agora.xtec.cat\/ceippladedalt\/wp-json\/wp\/v2\/media\/21286"}],"wp:attachment":[{"href":"https:\/\/agora.xtec.cat\/ceippladedalt\/wp-json\/wp\/v2\/media?parent=21285"}],"wp:term":[{"taxonomy":"category","embeddable":true,"href":"https:\/\/agora.xtec.cat\/ceippladedalt\/wp-json\/wp\/v2\/categories?post=21285"},{"taxonomy":"post_tag","embeddable":true,"href":"https:\/\/agora.xtec.cat\/ceippladedalt\/wp-json\/wp\/v2\/tags?post=21285"}],"curies":[{"name":"wp","href":"https:\/\/api.w.org\/{rel}","templated":true}]}}