{"id":21168,"date":"2024-06-26T12:56:22","date_gmt":"2024-06-26T10:56:22","guid":{"rendered":"https:\/\/agora.xtec.cat\/ceippladedalt\/?p=21168"},"modified":"2024-07-12T12:57:49","modified_gmt":"2024-07-12T10:57:49","slug":"calendari-de-preinscripcio-i-matriculacio-24-25","status":"publish","type":"post","link":"https:\/\/agora.xtec.cat\/ceippladedalt\/general\/calendari-de-preinscripcio-i-matriculacio-24-25\/","title":{"rendered":"CALENDARI DE PREINSCRIPCI\u00d3 I MATRICULACI\u00d3 24-25"},"content":{"rendered":"<h3 style=\"text-align: center;\"><strong>CALENDARI DE PREINSCRIPCI\u00d3 I MATRICULACI\u00d3 2024-2025<\/strong><\/h3>\n<h3 style=\"text-align: center;\"><strong style=\"font-family: inherit; font-size: 1em;\">RESOLUCI\u00d3 EDU\/465\/2024, de 22 de febrer<\/strong><\/h3>\n<p style=\"text-align: center;\"><strong>Educaci\u00f3 infantil i prim\u00e0ria<\/strong><\/p>\n<p style=\"font-weight: 400;\"><strong>Per\u00edode de reclamaci\u00f3 sobre l\u2019assignaci\u00f3 de pla\u00e7a del proc\u00e9s de preinscripci\u00f3 pel curs 24-25, nom\u00e9s els dies 11, 12 i 13 de juny.<\/strong> Us facilitem el seg\u00fcent enlla\u00e7 per poder entrar la reclamaci\u00f3 de manera telem\u00e0tica (tamb\u00e9 us podeu adre\u00e7ar a l&#8217;OME).<\/p>\n<p style=\"font-weight: 400;\"><strong>Enlla\u00e7 al formulari de reclamaci\u00f3<\/strong>:\u00a0<a href=\"https:\/\/educacio.gencat.cat\/ca\/tramits\/tramits-temes\/reclamacions-assignacions-preinscripcio-obligatoris?moda=1\" data-saferedirecturl=\"https:\/\/www.google.com\/url?q=https:\/\/educacio.gencat.cat\/ca\/tramits\/tramits-temes\/reclamacions-assignacions-preinscripcio-obligatoris?moda%3D1&amp;source=gmail&amp;ust=1718097775365000&amp;usg=AOvVaw3kyscV_o9bu77rVvj1mphE\">https:\/\/educacio.gencat.cat\/ca\/tramits\/tramits-temes\/reclamacions-assignacions-preinscripcio-obligatoris?moda=1<\/a><\/p>\n<table class=\" aligncenter\" style=\"width: 63.0314%; height: 462px;\">\n<tbody>\n<tr style=\"height: 33px;\">\n<td style=\"width: 80.8485%; height: 33px;\"><span style=\"color: #000000;\"><strong><span style=\"color: #ff0000;\">=&gt; <\/span><\/strong><\/span><span style=\"text-decoration: underline;\"><span style=\"color: #000000; text-decoration: underline;\">Publicaci\u00f3 de l<strong>\u2018<a style=\"color: #000000; text-decoration: underline;\" href=\"https:\/\/drive.google.com\/file\/d\/1aho9r650wgxiQ4aFhf0DbC1axuemzjis\/view?usp=sharing\">oferta inicial<\/a><\/strong><\/span><\/span><\/td>\n<td style=\"width: 23.6887%; height: 33px;\">5 de mar\u00e7<\/td>\n<\/tr>\n<tr style=\"height: 33px;\">\n<td style=\"width: 80.8485%; height: 33px;\"><strong><span style=\"color: #ff0000;\">=&gt;<\/span><\/strong> <span style=\"text-decoration: underline;\">Presentaci\u00f3 de <a href=\"https:\/\/educacio.gencat.cat\/ca\/tramits\/tramits-temes\/20483-obligatoris?moda=1\">sol\u00b7licituds<\/a><\/span><\/td>\n<td style=\"width: 23.6887%; height: 33px;\">Del 6 al 20 de mar\u00e7<\/td>\n<\/tr>\n<tr style=\"height: 33px;\">\n<td style=\"width: 80.8485%; height: 33px;\"><span style=\"color: #ff0000;\"><strong>=&gt; <\/strong><\/span>Presentaci\u00f3 de documentaci\u00f3<\/td>\n<td style=\"width: 23.6887%; height: 33px;\">22 de mar\u00e7<\/td>\n<\/tr>\n<tr style=\"height: 33px;\">\n<td style=\"width: 80.8485%; height: 33px;\"><strong><span style=\"color: #ff0000;\">=&gt;<\/span><\/strong> Publicaci\u00f3 de la <a href=\"https:\/\/drive.google.com\/file\/d\/1zy_Kh3Gk5DuIBPKo0jHgfpecCn68iMQE\/view?usp=sharing\">llista de sol\u00b7licituds amb la\u00a0<strong>puntuaci\u00f3 provisional<\/strong><\/a><\/td>\n<td style=\"width: 23.6887%; height: 33px;\">17 d\u2019abril<\/td>\n<\/tr>\n<tr style=\"height: 33px;\">\n<td style=\"width: 80.8485%; height: 33px;\"><strong><span style=\"color: #ff0000;\">=&gt;<\/span> <\/strong>Presentaci\u00f3 de reclamacions a la llista amb la puntuaci\u00f3 provisional<\/td>\n<td style=\"width: 23.6887%; height: 33px;\">Del 17 al 22 d\u2019abril<\/td>\n<\/tr>\n<tr style=\"height: 33px;\">\n<td style=\"width: 80.8485%; height: 33px;\"><span style=\"color: #ff0000;\"><strong>=&gt;<\/strong><\/span> Gesti\u00f3 de reclamacions<\/td>\n<td style=\"width: 23.6887%; height: 33px;\">Del 17 al 22 d\u2019abril<\/td>\n<\/tr>\n<tr style=\"height: 33px;\">\n<td style=\"width: 80.8485%; height: 33px;\"><strong><span style=\"color: #ff0000;\">=&gt;<\/span><\/strong> Publicaci\u00f3 de la<a href=\"https:\/\/drive.google.com\/file\/d\/1r9IZcOIkYx3TzgQi4_sqCp2k7J4Nn9yV\/view?usp=sharing\">\u00a0<strong>llista amb la puntuaci\u00f3 definitiva<\/strong><\/a>, un cop resoltes de les reclamacions<\/td>\n<td style=\"width: 23.6887%; height: 33px;\">25 d\u2019abril<\/td>\n<\/tr>\n<tr style=\"height: 33px;\">\n<td style=\"width: 80.8485%; height: 33px;\"><strong><span style=\"color: #ff0000;\">=&gt;<\/span><\/strong> Sorteig del n\u00famero per al desempat : <span style=\"color: #ff0000;\"><strong>81.801<\/strong><\/span><\/td>\n<td style=\"width: 23.6887%; height: 33px;\">30 d\u2019abril<\/td>\n<\/tr>\n<tr style=\"height: 33px;\">\n<td style=\"width: 80.8485%; height: 33px;\"><span style=\"color: #ff0000;\"><strong>=&gt;<\/strong><\/span> Publicaci\u00f3 de les <a href=\"https:\/\/drive.google.com\/file\/d\/1RM6eM_CSVW92lIStaIxBFC8md4f-4EXG\/view?usp=sharing\"><strong>llistes ordenades definitives<\/strong><\/a><\/td>\n<td style=\"width: 23.6887%; height: 33px;\">2 maig<\/td>\n<\/tr>\n<tr style=\"height: 33px;\">\n<td style=\"width: 80.8485%; height: 33px;\"><span style=\"color: #ff0000;\"><strong>=&gt;<\/strong><\/span> Ampliaci\u00f3 de petici\u00f3 de centres per alumnes NEE B les sol\u00b7licituds que no han obtingut cap assignaci\u00f3<\/td>\n<td style=\"width: 23.6887%; height: 33px;\">14 i 15 de maig<\/td>\n<\/tr>\n<tr style=\"height: 33px;\">\n<td style=\"width: 80.8485%; height: 33px;\"><span style=\"color: #ff0000;\"><strong>=&gt;<\/strong><\/span> Ampliaci\u00f3 de petici\u00f3 de centres per alumnes ordinaris les sol\u00b7licituds que no han obtingut cap assignaci\u00f3<\/td>\n<td style=\"width: 23.6887%; height: 33px;\">Del 29 al 31 de maig<\/td>\n<\/tr>\n<tr style=\"height: 33px;\">\n<td style=\"width: 80.8485%; height: 33px;\"><strong><span style=\"color: #ff0000;\">=&gt;<\/span> <\/strong>Publicaci\u00f3 de l\u2019<a href=\"https:\/\/drive.google.com\/file\/d\/1oqiKKFysgI1kzlBKh_bZTUMgD_84MVX9\/view?usp=sharing\"><strong>oferta definitiva<\/strong><\/a><\/td>\n<td style=\"width: 23.6887%; height: 33px;\">7 juny<\/td>\n<\/tr>\n<tr style=\"height: 33px;\">\n<td style=\"width: 80.8485%; height: 33px;\"><strong><span style=\"color: #ff0000;\">=&gt;<\/span> <\/strong>Publicaci\u00f3: <strong><a href=\"https:\/\/drive.google.com\/file\/d\/1h_o5K8ZGAqmeuadnxmvPesAMx-zRDb6B\/view?usp=sharing\">llista\u00a0 alumnes preinscrits<\/a>, <a href=\"https:\/\/drive.google.com\/file\/d\/1wTYrMDK7P6gHxQ-F7MADlL2NfiUaD4_a\/view?usp=sharing\">llista d&#8217;alumnes assignats<\/a><\/strong>\u00a0i la\u00a0<a href=\"https:\/\/drive.google.com\/file\/d\/1FDwmZv6nJO39MllTMkHFQepKmB19GLkW\/view?usp=sharing\"><strong>llista d\u2019espera<\/strong><\/a><\/td>\n<td style=\"width: 23.6887%; height: 33px;\">10 juny<\/td>\n<\/tr>\n<tr style=\"height: 33px;\">\n<td style=\"width: 80.8485%; height: 33px;\">Per\u00edode de matriculaci\u00f3<\/td>\n<td style=\"width: 23.6887%; height: 33px;\">Del 18 al 26 de juny<\/td>\n<\/tr>\n<\/tbody>\n<\/table>\n<p>&nbsp;<\/p>\n<p style=\"text-align: center;\">*<\/p>\n","protected":false},"excerpt":{"rendered":"<p>CALENDARI DE PREINSCRIPCI\u00d3 I MATRICULACI\u00d3 2024-2025<br \/>\nRESOLUCI\u00d3 EDU\/465\/2024, de 22 de febrer<br \/>\nEducaci\u00f3 infantil i prim\u00e0ria<br \/>\nPer\u00edode de reclamaci\u00f3 sobre l\u2019assignaci\u00f3 de pla\u00e7a del proc\u00e9s de preinscripci\u00f3 pel curs 24-25, nom\u00e9s els dies 11, 12 i 13 de juny. Us facilitem el seg\u00fcent enlla\u00e7 per poder entrar la&hellip;  <a href=\"https:\/\/agora.xtec.cat\/ceippladedalt\/general\/calendari-de-preinscripcio-i-matriculacio-24-25\/\" title=\"Read CALENDARI DE PREINSCRIPCI\u00d3 I MATRICULACI\u00d3 24-25\">Llegeix m\u00e9s\u00bb<\/a><\/p>\n","protected":false},"author":1,"featured_media":20727,"comment_status":"open","ping_status":"closed","sticky":false,"template":"","format":"standard","meta":{"_bbp_topic_count":0,"_bbp_reply_count":0,"_bbp_total_topic_count":0,"_bbp_total_reply_count":0,"_bbp_voice_count":0,"_bbp_anonymous_reply_count":0,"_bbp_topic_count_hidden":0,"_bbp_reply_count_hidden":0,"_bbp_forum_subforum_count":0,"footnotes":""},"categories":[1,4],"tags":[],"class_list":["post-21168","post","type-post","status-publish","format-standard","has-post-thumbnail","hentry","category-general","category-portada"],"post_mailing_queue_ids":[],"_links":{"self":[{"href":"https:\/\/agora.xtec.cat\/ceippladedalt\/wp-json\/wp\/v2\/posts\/21168","targetHints":{"allow":["GET"]}}],"collection":[{"href":"https:\/\/agora.xtec.cat\/ceippladedalt\/wp-json\/wp\/v2\/posts"}],"about":[{"href":"https:\/\/agora.xtec.cat\/ceippladedalt\/wp-json\/wp\/v2\/types\/post"}],"author":[{"embeddable":true,"href":"https:\/\/agora.xtec.cat\/ceippladedalt\/wp-json\/wp\/v2\/users\/1"}],"replies":[{"embeddable":true,"href":"https:\/\/agora.xtec.cat\/ceippladedalt\/wp-json\/wp\/v2\/comments?post=21168"}],"version-history":[{"count":1,"href":"https:\/\/agora.xtec.cat\/ceippladedalt\/wp-json\/wp\/v2\/posts\/21168\/revisions"}],"predecessor-version":[{"id":21169,"href":"https:\/\/agora.xtec.cat\/ceippladedalt\/wp-json\/wp\/v2\/posts\/21168\/revisions\/21169"}],"wp:featuredmedia":[{"embeddable":true,"href":"https:\/\/agora.xtec.cat\/ceippladedalt\/wp-json\/wp\/v2\/media\/20727"}],"wp:attachment":[{"href":"https:\/\/agora.xtec.cat\/ceippladedalt\/wp-json\/wp\/v2\/media?parent=21168"}],"wp:term":[{"taxonomy":"category","embeddable":true,"href":"https:\/\/agora.xtec.cat\/ceippladedalt\/wp-json\/wp\/v2\/categories?post=21168"},{"taxonomy":"post_tag","embeddable":true,"href":"https:\/\/agora.xtec.cat\/ceippladedalt\/wp-json\/wp\/v2\/tags?post=21168"}],"curies":[{"name":"wp","href":"https:\/\/api.w.org\/{rel}","templated":true}]}}