{"id":21105,"date":"2024-06-10T12:33:31","date_gmt":"2024-06-10T10:33:31","guid":{"rendered":"https:\/\/agora.xtec.cat\/ceippladedalt\/?p=21105"},"modified":"2024-06-10T12:33:31","modified_gmt":"2024-06-10T10:33:31","slug":"fruita-a-lescola-4","status":"publish","type":"post","link":"https:\/\/agora.xtec.cat\/ceippladedalt\/portada\/fruita-a-lescola-4\/","title":{"rendered":"FRUITA A L&#8217;ESCOLA"},"content":{"rendered":"<p>Des del<strong> Pla de Consum de Fruita a les escoles<\/strong> finan\u00e7at per la Uni\u00f3 Europea i la Generalitat de Catalunya dem\u00e0 es comen\u00e7ar\u00e0 a repartir als alumnes <b>gratu\u00eftament fruita fresca de temporada. <\/b>Aquests dies es repartiran: <strong>cireres, nectarines i pr\u00e9ssecs<\/strong><b>.<\/b><\/p>\n","protected":false},"excerpt":{"rendered":"<p>Des del Pla de Consum de Fruita a les escoles finan\u00e7at per la Uni\u00f3 Europea i la Generalitat de Catalunya dem\u00e0 es comen\u00e7ar\u00e0 a repartir als alumnes gratu\u00eftament fruita fresca de temporada. Aquests dies es repartiran: cireres, nectarines i pr\u00e9ssecs.<\/p>\n","protected":false},"author":1,"featured_media":21106,"comment_status":"open","ping_status":"closed","sticky":false,"template":"","format":"standard","meta":{"_bbp_topic_count":0,"_bbp_reply_count":0,"_bbp_total_topic_count":0,"_bbp_total_reply_count":0,"_bbp_voice_count":0,"_bbp_anonymous_reply_count":0,"_bbp_topic_count_hidden":0,"_bbp_reply_count_hidden":0,"_bbp_forum_subforum_count":0,"footnotes":""},"categories":[4],"tags":[],"class_list":["post-21105","post","type-post","status-publish","format-standard","has-post-thumbnail","hentry","category-portada"],"post_mailing_queue_ids":[],"_links":{"self":[{"href":"https:\/\/agora.xtec.cat\/ceippladedalt\/wp-json\/wp\/v2\/posts\/21105","targetHints":{"allow":["GET"]}}],"collection":[{"href":"https:\/\/agora.xtec.cat\/ceippladedalt\/wp-json\/wp\/v2\/posts"}],"about":[{"href":"https:\/\/agora.xtec.cat\/ceippladedalt\/wp-json\/wp\/v2\/types\/post"}],"author":[{"embeddable":true,"href":"https:\/\/agora.xtec.cat\/ceippladedalt\/wp-json\/wp\/v2\/users\/1"}],"replies":[{"embeddable":true,"href":"https:\/\/agora.xtec.cat\/ceippladedalt\/wp-json\/wp\/v2\/comments?post=21105"}],"version-history":[{"count":1,"href":"https:\/\/agora.xtec.cat\/ceippladedalt\/wp-json\/wp\/v2\/posts\/21105\/revisions"}],"predecessor-version":[{"id":21107,"href":"https:\/\/agora.xtec.cat\/ceippladedalt\/wp-json\/wp\/v2\/posts\/21105\/revisions\/21107"}],"wp:featuredmedia":[{"embeddable":true,"href":"https:\/\/agora.xtec.cat\/ceippladedalt\/wp-json\/wp\/v2\/media\/21106"}],"wp:attachment":[{"href":"https:\/\/agora.xtec.cat\/ceippladedalt\/wp-json\/wp\/v2\/media?parent=21105"}],"wp:term":[{"taxonomy":"category","embeddable":true,"href":"https:\/\/agora.xtec.cat\/ceippladedalt\/wp-json\/wp\/v2\/categories?post=21105"},{"taxonomy":"post_tag","embeddable":true,"href":"https:\/\/agora.xtec.cat\/ceippladedalt\/wp-json\/wp\/v2\/tags?post=21105"}],"curies":[{"name":"wp","href":"https:\/\/api.w.org\/{rel}","templated":true}]}}