{"id":20967,"date":"2024-04-26T19:45:46","date_gmt":"2024-04-26T17:45:46","guid":{"rendered":"https:\/\/agora.xtec.cat\/ceippladedalt\/?p=20967"},"modified":"2024-04-26T19:45:46","modified_gmt":"2024-04-26T17:45:46","slug":"representacio-la-llegenda-de-la-rosa-vermella","status":"publish","type":"post","link":"https:\/\/agora.xtec.cat\/ceippladedalt\/cursos\/representacio-la-llegenda-de-la-rosa-vermella\/","title":{"rendered":"REPRESENTACI\u00d3 LA LLEGENDA DE LA ROSA VERMELLA"},"content":{"rendered":"<p><a href=\"https:\/\/agora.xtec.cat\/ceippladedalt\/wp-content\/uploads\/usu2126\/2024\/04\/IMG-20240426-WA0027.jpg\"><img loading=\"lazy\" decoding=\"async\" class=\"alignnone size-large wp-image-20971\" src=\"https:\/\/agora.xtec.cat\/ceippladedalt\/wp-content\/uploads\/usu2126\/2024\/04\/IMG-20240426-WA0027-1024x766.jpg\" alt=\"\" width=\"1024\" height=\"766\" srcset=\"https:\/\/agora.xtec.cat\/ceippladedalt\/wp-content\/uploads\/usu2126\/2024\/04\/IMG-20240426-WA0027-1024x766.jpg 1024w, https:\/\/agora.xtec.cat\/ceippladedalt\/wp-content\/uploads\/usu2126\/2024\/04\/IMG-20240426-WA0027-300x224.jpg 300w, https:\/\/agora.xtec.cat\/ceippladedalt\/wp-content\/uploads\/usu2126\/2024\/04\/IMG-20240426-WA0027-768x574.jpg 768w, https:\/\/agora.xtec.cat\/ceippladedalt\/wp-content\/uploads\/usu2126\/2024\/04\/IMG-20240426-WA0027-1536x1149.jpg 1536w, https:\/\/agora.xtec.cat\/ceippladedalt\/wp-content\/uploads\/usu2126\/2024\/04\/IMG-20240426-WA0027-200x150.jpg 200w, https:\/\/agora.xtec.cat\/ceippladedalt\/wp-content\/uploads\/usu2126\/2024\/04\/IMG-20240426-WA0027.jpg 2000w\" sizes=\"auto, (max-width: 1024px) 100vw, 1024px\" \/><\/a> <a href=\"https:\/\/agora.xtec.cat\/ceippladedalt\/wp-content\/uploads\/usu2126\/2024\/04\/IMG-20240426-WA0026.jpg\"><img loading=\"lazy\" decoding=\"async\" class=\"alignnone size-large wp-image-20972\" src=\"https:\/\/agora.xtec.cat\/ceippladedalt\/wp-content\/uploads\/usu2126\/2024\/04\/IMG-20240426-WA0026-1024x766.jpg\" alt=\"\" width=\"1024\" height=\"766\" srcset=\"https:\/\/agora.xtec.cat\/ceippladedalt\/wp-content\/uploads\/usu2126\/2024\/04\/IMG-20240426-WA0026-1024x766.jpg 1024w, https:\/\/agora.xtec.cat\/ceippladedalt\/wp-content\/uploads\/usu2126\/2024\/04\/IMG-20240426-WA0026-300x224.jpg 300w, https:\/\/agora.xtec.cat\/ceippladedalt\/wp-content\/uploads\/usu2126\/2024\/04\/IMG-20240426-WA0026-768x574.jpg 768w, https:\/\/agora.xtec.cat\/ceippladedalt\/wp-content\/uploads\/usu2126\/2024\/04\/IMG-20240426-WA0026-1536x1149.jpg 1536w, https:\/\/agora.xtec.cat\/ceippladedalt\/wp-content\/uploads\/usu2126\/2024\/04\/IMG-20240426-WA0026-200x150.jpg 200w, https:\/\/agora.xtec.cat\/ceippladedalt\/wp-content\/uploads\/usu2126\/2024\/04\/IMG-20240426-WA0026.jpg 2000w\" sizes=\"auto, (max-width: 1024px) 100vw, 1024px\" \/><\/a><\/p>\n<p>Avui a les 16:45h a la biblioteca de l&#8217;escola s&#8217;ha representat la Llegenda de la Rosa Vermella a c\u00e0rrec dels i les estudiants de GFGS del Montsacopa. Aquesta ha estat una activitat de dinamitzaci\u00f3 de la lectura i de la biblioteca organitzada per l&#8217;AFA i l&#8217;escola. Estem molt contents perqu\u00e8 hi hagut molta assist\u00e8ncia!! Molt agra\u00efts als alumnes de GFCS per la seva representaci\u00f3!<\/p>\n<p>&nbsp;<\/p>\n","protected":false},"excerpt":{"rendered":"<p><a href=\"https:\/\/agora.xtec.cat\/ceippladedalt\/wp-content\/uploads\/usu2126\/2024\/04\/IMG-20240426-WA0027.jpg\"><\/a> <a href=\"https:\/\/agora.xtec.cat\/ceippladedalt\/wp-content\/uploads\/usu2126\/2024\/04\/IMG-20240426-WA0026.jpg\"><\/a><br \/>\nAvui a les 16:45h a la biblioteca de l&#8217;escola s&#8217;ha representat la Llegenda de la Rosa Vermella a c\u00e0rrec dels i les estudiants de GFGS del Montsacopa. Aquesta ha estat una activitat de dinamitzaci\u00f3 de la lectura i de la biblioteca organitzada&hellip;  <a href=\"https:\/\/agora.xtec.cat\/ceippladedalt\/cursos\/representacio-la-llegenda-de-la-rosa-vermella\/\" title=\"Read REPRESENTACI\u00d3 LA LLEGENDA DE LA ROSA VERMELLA\">Llegeix m\u00e9s\u00bb<\/a><\/p>\n","protected":false},"author":52,"featured_media":20972,"comment_status":"open","ping_status":"closed","sticky":false,"template":"","format":"standard","meta":{"_bbp_topic_count":0,"_bbp_reply_count":0,"_bbp_total_topic_count":0,"_bbp_total_reply_count":0,"_bbp_voice_count":0,"_bbp_anonymous_reply_count":0,"_bbp_topic_count_hidden":0,"_bbp_reply_count_hidden":0,"_bbp_forum_subforum_count":0,"footnotes":""},"categories":[68,5],"tags":[],"class_list":["post-20967","post","type-post","status-publish","format-standard","has-post-thumbnail","hentry","category-biblioteca","category-cursos"],"post_mailing_queue_ids":[],"_links":{"self":[{"href":"https:\/\/agora.xtec.cat\/ceippladedalt\/wp-json\/wp\/v2\/posts\/20967","targetHints":{"allow":["GET"]}}],"collection":[{"href":"https:\/\/agora.xtec.cat\/ceippladedalt\/wp-json\/wp\/v2\/posts"}],"about":[{"href":"https:\/\/agora.xtec.cat\/ceippladedalt\/wp-json\/wp\/v2\/types\/post"}],"author":[{"embeddable":true,"href":"https:\/\/agora.xtec.cat\/ceippladedalt\/wp-json\/wp\/v2\/users\/52"}],"replies":[{"embeddable":true,"href":"https:\/\/agora.xtec.cat\/ceippladedalt\/wp-json\/wp\/v2\/comments?post=20967"}],"version-history":[{"count":1,"href":"https:\/\/agora.xtec.cat\/ceippladedalt\/wp-json\/wp\/v2\/posts\/20967\/revisions"}],"predecessor-version":[{"id":20980,"href":"https:\/\/agora.xtec.cat\/ceippladedalt\/wp-json\/wp\/v2\/posts\/20967\/revisions\/20980"}],"wp:featuredmedia":[{"embeddable":true,"href":"https:\/\/agora.xtec.cat\/ceippladedalt\/wp-json\/wp\/v2\/media\/20972"}],"wp:attachment":[{"href":"https:\/\/agora.xtec.cat\/ceippladedalt\/wp-json\/wp\/v2\/media?parent=20967"}],"wp:term":[{"taxonomy":"category","embeddable":true,"href":"https:\/\/agora.xtec.cat\/ceippladedalt\/wp-json\/wp\/v2\/categories?post=20967"},{"taxonomy":"post_tag","embeddable":true,"href":"https:\/\/agora.xtec.cat\/ceippladedalt\/wp-json\/wp\/v2\/tags?post=20967"}],"curies":[{"name":"wp","href":"https:\/\/api.w.org\/{rel}","templated":true}]}}