{"id":20843,"date":"2024-03-18T12:10:44","date_gmt":"2024-03-18T11:10:44","guid":{"rendered":"https:\/\/agora.xtec.cat\/ceippladedalt\/?p=20843"},"modified":"2024-03-18T12:31:21","modified_gmt":"2024-03-18T11:31:21","slug":"triptic-de-les-jjcc-cultures-del-mon","status":"publish","type":"post","link":"https:\/\/agora.xtec.cat\/ceippladedalt\/portada\/triptic-de-les-jjcc-cultures-del-mon\/","title":{"rendered":"INAUGURACI\u00d3 I TR\u00cdPTIC DE LES JJCC CULTURES DEL M\u00d3N"},"content":{"rendered":"<p>&nbsp;<\/p>\n<p>Avui al mat\u00ed hem fet la inauguraci\u00f3 de les jornades culturals amb la participaci\u00f3 del tots els alumnes de l&#8217;escola. Despr\u00e9s de la presentaci\u00f3 de les jornades, s&#8217;ha mostrat la pancarta que posarem a l&#8217;entrada de l&#8217;escola. A continuaci\u00f3, els quatre cicles han completat el mapa mundi de la Terra.<\/p>\n<p>Finalment, hem escoltat i ballat &#8220;We are the word&#8221; una can\u00e7\u00f3 escrita per Michael Jackson i Lionel Richie al 1985.<\/p>\n<p><img loading=\"lazy\" decoding=\"async\" class=\"alignright size-full wp-image-20851\" src=\"https:\/\/agora.xtec.cat\/ceippladedalt\/wp-content\/uploads\/usu2126\/2024\/03\/Inauguracio.jpeg\" alt=\"\" width=\"1732\" height=\"1732\" srcset=\"https:\/\/agora.xtec.cat\/ceippladedalt\/wp-content\/uploads\/usu2126\/2024\/03\/Inauguracio.jpeg 1732w, https:\/\/agora.xtec.cat\/ceippladedalt\/wp-content\/uploads\/usu2126\/2024\/03\/Inauguracio-300x300.jpeg 300w, https:\/\/agora.xtec.cat\/ceippladedalt\/wp-content\/uploads\/usu2126\/2024\/03\/Inauguracio-1024x1024.jpeg 1024w, https:\/\/agora.xtec.cat\/ceippladedalt\/wp-content\/uploads\/usu2126\/2024\/03\/Inauguracio-150x150.jpeg 150w, https:\/\/agora.xtec.cat\/ceippladedalt\/wp-content\/uploads\/usu2126\/2024\/03\/Inauguracio-768x768.jpeg 768w, https:\/\/agora.xtec.cat\/ceippladedalt\/wp-content\/uploads\/usu2126\/2024\/03\/Inauguracio-1536x1536.jpeg 1536w\" sizes=\"auto, (max-width: 1732px) 100vw, 1732px\" \/><\/p>\n<p>Durant la setmana es faran tallers internivells:<\/p>\n<p><img loading=\"lazy\" decoding=\"async\" class=\"alignright size-full wp-image-20844\" src=\"https:\/\/agora.xtec.cat\/ceippladedalt\/wp-content\/uploads\/usu2126\/2024\/03\/triptic-2.png\" alt=\"\" width=\"2000\" height=\"1414\" srcset=\"https:\/\/agora.xtec.cat\/ceippladedalt\/wp-content\/uploads\/usu2126\/2024\/03\/triptic-2.png 2000w, https:\/\/agora.xtec.cat\/ceippladedalt\/wp-content\/uploads\/usu2126\/2024\/03\/triptic-2-300x212.png 300w, https:\/\/agora.xtec.cat\/ceippladedalt\/wp-content\/uploads\/usu2126\/2024\/03\/triptic-2-1024x724.png 1024w, https:\/\/agora.xtec.cat\/ceippladedalt\/wp-content\/uploads\/usu2126\/2024\/03\/triptic-2-768x543.png 768w, https:\/\/agora.xtec.cat\/ceippladedalt\/wp-content\/uploads\/usu2126\/2024\/03\/triptic-2-1536x1086.png 1536w\" sizes=\"auto, (max-width: 2000px) 100vw, 2000px\" \/><\/p>\n","protected":false},"excerpt":{"rendered":"<p>&nbsp;<br \/>\nAvui al mat\u00ed hem fet la inauguraci\u00f3 de les jornades culturals amb la participaci\u00f3 del tots els alumnes de l&#8217;escola. Despr\u00e9s de la presentaci\u00f3 de les jornades, s&#8217;ha mostrat la pancarta que posarem a l&#8217;entrada de l&#8217;escola. A continuaci\u00f3, els quatre cicles han completat el&hellip;  <a href=\"https:\/\/agora.xtec.cat\/ceippladedalt\/portada\/triptic-de-les-jjcc-cultures-del-mon\/\" title=\"Read INAUGURACI\u00d3 I TR\u00cdPTIC DE LES JJCC CULTURES DEL M\u00d3N\">Llegeix m\u00e9s\u00bb<\/a><\/p>\n","protected":false},"author":1,"featured_media":20846,"comment_status":"open","ping_status":"closed","sticky":false,"template":"","format":"standard","meta":{"_bbp_topic_count":0,"_bbp_reply_count":0,"_bbp_total_topic_count":0,"_bbp_total_reply_count":0,"_bbp_voice_count":0,"_bbp_anonymous_reply_count":0,"_bbp_topic_count_hidden":0,"_bbp_reply_count_hidden":0,"_bbp_forum_subforum_count":0,"footnotes":""},"categories":[4],"tags":[],"class_list":["post-20843","post","type-post","status-publish","format-standard","has-post-thumbnail","hentry","category-portada"],"post_mailing_queue_ids":[],"_links":{"self":[{"href":"https:\/\/agora.xtec.cat\/ceippladedalt\/wp-json\/wp\/v2\/posts\/20843","targetHints":{"allow":["GET"]}}],"collection":[{"href":"https:\/\/agora.xtec.cat\/ceippladedalt\/wp-json\/wp\/v2\/posts"}],"about":[{"href":"https:\/\/agora.xtec.cat\/ceippladedalt\/wp-json\/wp\/v2\/types\/post"}],"author":[{"embeddable":true,"href":"https:\/\/agora.xtec.cat\/ceippladedalt\/wp-json\/wp\/v2\/users\/1"}],"replies":[{"embeddable":true,"href":"https:\/\/agora.xtec.cat\/ceippladedalt\/wp-json\/wp\/v2\/comments?post=20843"}],"version-history":[{"count":5,"href":"https:\/\/agora.xtec.cat\/ceippladedalt\/wp-json\/wp\/v2\/posts\/20843\/revisions"}],"predecessor-version":[{"id":20852,"href":"https:\/\/agora.xtec.cat\/ceippladedalt\/wp-json\/wp\/v2\/posts\/20843\/revisions\/20852"}],"wp:featuredmedia":[{"embeddable":true,"href":"https:\/\/agora.xtec.cat\/ceippladedalt\/wp-json\/wp\/v2\/media\/20846"}],"wp:attachment":[{"href":"https:\/\/agora.xtec.cat\/ceippladedalt\/wp-json\/wp\/v2\/media?parent=20843"}],"wp:term":[{"taxonomy":"category","embeddable":true,"href":"https:\/\/agora.xtec.cat\/ceippladedalt\/wp-json\/wp\/v2\/categories?post=20843"},{"taxonomy":"post_tag","embeddable":true,"href":"https:\/\/agora.xtec.cat\/ceippladedalt\/wp-json\/wp\/v2\/tags?post=20843"}],"curies":[{"name":"wp","href":"https:\/\/api.w.org\/{rel}","templated":true}]}}