{"id":20766,"date":"2024-03-06T10:55:53","date_gmt":"2024-03-06T09:55:53","guid":{"rendered":"https:\/\/agora.xtec.cat\/ceippladedalt\/?p=20766"},"modified":"2024-03-07T09:19:14","modified_gmt":"2024-03-07T08:19:14","slug":"nous-arbres-al-pati","status":"publish","type":"post","link":"https:\/\/agora.xtec.cat\/ceippladedalt\/portada\/nous-arbres-al-pati\/","title":{"rendered":"NOUS ARBRES AL PATI"},"content":{"rendered":"<p>Aquest dimarts es van plantar 5 arbres nous al pati de l&#8217;escola: un <strong>ginko biloba<\/strong> i un <strong>crimson king<\/strong> entre la zona d&#8217;infantil i prim\u00e0ria; una <strong>noguera<\/strong> a la zona de\u00a0 taules de p\u00edcnic i dues <strong>moreres<\/strong> a la zona de la font.<\/p>\n<p>Aquesta acci\u00f3 de millora del pati forma part del projecte pati que es fa des de l&#8217;escola i l&#8217;AFA.<\/p>\n<p>El curs passat, es va fer la petici\u00f3 de tenir m\u00e9s ombres i natura al pati, i aquest trimestre, amb la col\u00b7laboraci\u00f3 de l&#8217;Ajuntament d&#8217;Olot, Sigma i la Fageda, s&#8217;ha pogut dur a terme.<\/p>\n<p>&#8220;- Ara hem de prendre consci\u00e8ncia de la cura dels petits arbres perqu\u00e8 es facin grans i forts i, amb els anys, ens donin l&#8217;ombra que tant necessitem&#8221;. Es treballar\u00e0 des de les classes!<\/p>\n<p style=\"text-align: right;\"><em><strong>Moltes gr\u00e0cies a tothom!<\/strong><\/em><\/p>\n<p><img loading=\"lazy\" decoding=\"async\" class=\"alignright size-full wp-image-20786\" src=\"https:\/\/agora.xtec.cat\/ceippladedalt\/wp-content\/uploads\/usu2126\/2024\/03\/Arbres-collage.jpeg\" alt=\"\" width=\"2048\" height=\"1152\" srcset=\"https:\/\/agora.xtec.cat\/ceippladedalt\/wp-content\/uploads\/usu2126\/2024\/03\/Arbres-collage.jpeg 2048w, https:\/\/agora.xtec.cat\/ceippladedalt\/wp-content\/uploads\/usu2126\/2024\/03\/Arbres-collage-300x169.jpeg 300w, https:\/\/agora.xtec.cat\/ceippladedalt\/wp-content\/uploads\/usu2126\/2024\/03\/Arbres-collage-1024x576.jpeg 1024w, https:\/\/agora.xtec.cat\/ceippladedalt\/wp-content\/uploads\/usu2126\/2024\/03\/Arbres-collage-768x432.jpeg 768w, https:\/\/agora.xtec.cat\/ceippladedalt\/wp-content\/uploads\/usu2126\/2024\/03\/Arbres-collage-1536x864.jpeg 1536w\" sizes=\"auto, (max-width: 2048px) 100vw, 2048px\" \/><\/p>\n<p>&nbsp;<\/p>\n","protected":false},"excerpt":{"rendered":"<p>Aquest dimarts es van plantar 5 arbres nous al pati de l&#8217;escola: un ginko biloba i un crimson king entre la zona d&#8217;infantil i prim\u00e0ria; una noguera a la zona de\u00a0 taules de p\u00edcnic i dues moreres a la zona de la font.<br \/>\nAquesta acci\u00f3 de&hellip;  <a href=\"https:\/\/agora.xtec.cat\/ceippladedalt\/portada\/nous-arbres-al-pati\/\" title=\"Read NOUS ARBRES AL PATI\">Llegeix m\u00e9s\u00bb<\/a><\/p>\n","protected":false},"author":1,"featured_media":20768,"comment_status":"open","ping_status":"closed","sticky":false,"template":"","format":"standard","meta":{"_bbp_topic_count":0,"_bbp_reply_count":0,"_bbp_total_topic_count":0,"_bbp_total_reply_count":0,"_bbp_voice_count":0,"_bbp_anonymous_reply_count":0,"_bbp_topic_count_hidden":0,"_bbp_reply_count_hidden":0,"_bbp_forum_subforum_count":0,"footnotes":""},"categories":[4],"tags":[],"class_list":["post-20766","post","type-post","status-publish","format-standard","has-post-thumbnail","hentry","category-portada"],"post_mailing_queue_ids":[],"_links":{"self":[{"href":"https:\/\/agora.xtec.cat\/ceippladedalt\/wp-json\/wp\/v2\/posts\/20766","targetHints":{"allow":["GET"]}}],"collection":[{"href":"https:\/\/agora.xtec.cat\/ceippladedalt\/wp-json\/wp\/v2\/posts"}],"about":[{"href":"https:\/\/agora.xtec.cat\/ceippladedalt\/wp-json\/wp\/v2\/types\/post"}],"author":[{"embeddable":true,"href":"https:\/\/agora.xtec.cat\/ceippladedalt\/wp-json\/wp\/v2\/users\/1"}],"replies":[{"embeddable":true,"href":"https:\/\/agora.xtec.cat\/ceippladedalt\/wp-json\/wp\/v2\/comments?post=20766"}],"version-history":[{"count":4,"href":"https:\/\/agora.xtec.cat\/ceippladedalt\/wp-json\/wp\/v2\/posts\/20766\/revisions"}],"predecessor-version":[{"id":20788,"href":"https:\/\/agora.xtec.cat\/ceippladedalt\/wp-json\/wp\/v2\/posts\/20766\/revisions\/20788"}],"wp:featuredmedia":[{"embeddable":true,"href":"https:\/\/agora.xtec.cat\/ceippladedalt\/wp-json\/wp\/v2\/media\/20768"}],"wp:attachment":[{"href":"https:\/\/agora.xtec.cat\/ceippladedalt\/wp-json\/wp\/v2\/media?parent=20766"}],"wp:term":[{"taxonomy":"category","embeddable":true,"href":"https:\/\/agora.xtec.cat\/ceippladedalt\/wp-json\/wp\/v2\/categories?post=20766"},{"taxonomy":"post_tag","embeddable":true,"href":"https:\/\/agora.xtec.cat\/ceippladedalt\/wp-json\/wp\/v2\/tags?post=20766"}],"curies":[{"name":"wp","href":"https:\/\/api.w.org\/{rel}","templated":true}]}}