{"id":20670,"date":"2024-02-20T11:02:07","date_gmt":"2024-02-20T10:02:07","guid":{"rendered":"https:\/\/agora.xtec.cat\/ceippladedalt\/?p=20670"},"modified":"2024-02-20T11:03:34","modified_gmt":"2024-02-20T10:03:34","slug":"taller-per-a-families","status":"publish","type":"post","link":"https:\/\/agora.xtec.cat\/ceippladedalt\/portada\/taller-per-a-families\/","title":{"rendered":"TALLER PER A FAM\u00cdLIES"},"content":{"rendered":"<p>Des del<span style=\"text-decoration: underline;\"> Servei d&#8217;orientaci\u00f3 i acompanyament de les fam\u00edlies de la Garrotxa<\/span> (SOAF) ens han fet arribar aquesta informaci\u00f3 d\u2019un nou taller dirigit a les fam\u00edlies <strong>&#8220;El vincle i el benestar de la vida familiar&#8221;<\/strong> que tindr\u00e0 lloc el 7 de mar\u00e7.<\/p>\n<p><img loading=\"lazy\" decoding=\"async\" class=\"size-full wp-image-20671 aligncenter\" src=\"https:\/\/agora.xtec.cat\/ceippladedalt\/wp-content\/uploads\/usu2126\/2024\/02\/IMG_0324.jpg\" alt=\"\" width=\"1242\" height=\"1210\" srcset=\"https:\/\/agora.xtec.cat\/ceippladedalt\/wp-content\/uploads\/usu2126\/2024\/02\/IMG_0324.jpg 1242w, https:\/\/agora.xtec.cat\/ceippladedalt\/wp-content\/uploads\/usu2126\/2024\/02\/IMG_0324-300x292.jpg 300w, https:\/\/agora.xtec.cat\/ceippladedalt\/wp-content\/uploads\/usu2126\/2024\/02\/IMG_0324-1024x998.jpg 1024w, https:\/\/agora.xtec.cat\/ceippladedalt\/wp-content\/uploads\/usu2126\/2024\/02\/IMG_0324-768x748.jpg 768w\" sizes=\"auto, (max-width: 1242px) 100vw, 1242px\" \/><\/p>\n","protected":false},"excerpt":{"rendered":"<p>Des del Servei d&#8217;orientaci\u00f3 i acompanyament de les fam\u00edlies de la Garrotxa (SOAF) ens han fet arribar aquesta informaci\u00f3 d\u2019un nou taller dirigit a les fam\u00edlies &#8220;El vincle i el benestar de la vida familiar&#8221; que tindr\u00e0 lloc el 7 de mar\u00e7.<\/p>\n","protected":false},"author":1,"featured_media":20671,"comment_status":"open","ping_status":"closed","sticky":false,"template":"","format":"standard","meta":{"_bbp_topic_count":0,"_bbp_reply_count":0,"_bbp_total_topic_count":0,"_bbp_total_reply_count":0,"_bbp_voice_count":0,"_bbp_anonymous_reply_count":0,"_bbp_topic_count_hidden":0,"_bbp_reply_count_hidden":0,"_bbp_forum_subforum_count":0,"footnotes":""},"categories":[4],"tags":[],"class_list":["post-20670","post","type-post","status-publish","format-standard","has-post-thumbnail","hentry","category-portada"],"post_mailing_queue_ids":[],"_links":{"self":[{"href":"https:\/\/agora.xtec.cat\/ceippladedalt\/wp-json\/wp\/v2\/posts\/20670","targetHints":{"allow":["GET"]}}],"collection":[{"href":"https:\/\/agora.xtec.cat\/ceippladedalt\/wp-json\/wp\/v2\/posts"}],"about":[{"href":"https:\/\/agora.xtec.cat\/ceippladedalt\/wp-json\/wp\/v2\/types\/post"}],"author":[{"embeddable":true,"href":"https:\/\/agora.xtec.cat\/ceippladedalt\/wp-json\/wp\/v2\/users\/1"}],"replies":[{"embeddable":true,"href":"https:\/\/agora.xtec.cat\/ceippladedalt\/wp-json\/wp\/v2\/comments?post=20670"}],"version-history":[{"count":3,"href":"https:\/\/agora.xtec.cat\/ceippladedalt\/wp-json\/wp\/v2\/posts\/20670\/revisions"}],"predecessor-version":[{"id":20674,"href":"https:\/\/agora.xtec.cat\/ceippladedalt\/wp-json\/wp\/v2\/posts\/20670\/revisions\/20674"}],"wp:featuredmedia":[{"embeddable":true,"href":"https:\/\/agora.xtec.cat\/ceippladedalt\/wp-json\/wp\/v2\/media\/20671"}],"wp:attachment":[{"href":"https:\/\/agora.xtec.cat\/ceippladedalt\/wp-json\/wp\/v2\/media?parent=20670"}],"wp:term":[{"taxonomy":"category","embeddable":true,"href":"https:\/\/agora.xtec.cat\/ceippladedalt\/wp-json\/wp\/v2\/categories?post=20670"},{"taxonomy":"post_tag","embeddable":true,"href":"https:\/\/agora.xtec.cat\/ceippladedalt\/wp-json\/wp\/v2\/tags?post=20670"}],"curies":[{"name":"wp","href":"https:\/\/api.w.org\/{rel}","templated":true}]}}