{"id":20665,"date":"2024-02-16T09:33:50","date_gmt":"2024-02-16T08:33:50","guid":{"rendered":"https:\/\/agora.xtec.cat\/ceippladedalt\/?p=20665"},"modified":"2024-02-20T09:51:45","modified_gmt":"2024-02-20T08:51:45","slug":"rua-de-carnaval","status":"publish","type":"post","link":"https:\/\/agora.xtec.cat\/ceippladedalt\/portada\/rua-de-carnaval\/","title":{"rendered":"RUA DE CARNAVAL"},"content":{"rendered":"<p>El divendres 16 de febrer vam fer la <strong>Rua de Carnaval<\/strong> pels carrers de l&#8217;escola fins al camp de futbol. Les fam\u00edlies ens van acompanyar durant tota la rua dedicada als &#8220;Menjars de cultures del M\u00f3n&#8221; i acompanyats de la <strong>batucada dels alumnes de 6\u00e8<\/strong>.<\/p>\n<p>Vam poder gaudir d&#8217;una desfilada de <strong>tacos<\/strong> (I3), <strong>pizzes<\/strong> (I4), <strong>sushi<\/strong> (I5), <strong>hamburgueses amb patates<\/strong> (1r),<strong> fruites tropicals<\/strong> (2n), <strong>cal\u00e7ots<\/strong> (3r), <strong>xocolata amb xurros<\/strong>(4t) i<strong> croissants<\/strong> (5\u00e8)!!<\/p>\n<p>Trobareu m\u00e9s fotografies al men\u00fa FESTES de la web.<\/p>\n<p><img loading=\"lazy\" decoding=\"async\" class=\"alignright size-full wp-image-20652\" src=\"https:\/\/agora.xtec.cat\/ceippladedalt\/wp-content\/uploads\/usu2126\/2024\/02\/Foto-24-c.jpeg\" alt=\"\" width=\"2048\" height=\"684\" srcset=\"https:\/\/agora.xtec.cat\/ceippladedalt\/wp-content\/uploads\/usu2126\/2024\/02\/Foto-24-c.jpeg 2048w, https:\/\/agora.xtec.cat\/ceippladedalt\/wp-content\/uploads\/usu2126\/2024\/02\/Foto-24-c-300x100.jpeg 300w, https:\/\/agora.xtec.cat\/ceippladedalt\/wp-content\/uploads\/usu2126\/2024\/02\/Foto-24-c-1024x342.jpeg 1024w, https:\/\/agora.xtec.cat\/ceippladedalt\/wp-content\/uploads\/usu2126\/2024\/02\/Foto-24-c-768x257.jpeg 768w, https:\/\/agora.xtec.cat\/ceippladedalt\/wp-content\/uploads\/usu2126\/2024\/02\/Foto-24-c-1536x513.jpeg 1536w\" sizes=\"auto, (max-width: 2048px) 100vw, 2048px\" \/> <img loading=\"lazy\" decoding=\"async\" class=\"alignright size-full wp-image-20650\" src=\"https:\/\/agora.xtec.cat\/ceippladedalt\/wp-content\/uploads\/usu2126\/2024\/02\/Foto-24-a.jpeg\" alt=\"\" width=\"2048\" height=\"1024\" srcset=\"https:\/\/agora.xtec.cat\/ceippladedalt\/wp-content\/uploads\/usu2126\/2024\/02\/Foto-24-a.jpeg 2048w, https:\/\/agora.xtec.cat\/ceippladedalt\/wp-content\/uploads\/usu2126\/2024\/02\/Foto-24-a-300x150.jpeg 300w, https:\/\/agora.xtec.cat\/ceippladedalt\/wp-content\/uploads\/usu2126\/2024\/02\/Foto-24-a-1024x512.jpeg 1024w, https:\/\/agora.xtec.cat\/ceippladedalt\/wp-content\/uploads\/usu2126\/2024\/02\/Foto-24-a-768x384.jpeg 768w, https:\/\/agora.xtec.cat\/ceippladedalt\/wp-content\/uploads\/usu2126\/2024\/02\/Foto-24-a-1536x768.jpeg 1536w\" sizes=\"auto, (max-width: 2048px) 100vw, 2048px\" \/> <img loading=\"lazy\" decoding=\"async\" class=\"alignright size-full wp-image-20648\" src=\"https:\/\/agora.xtec.cat\/ceippladedalt\/wp-content\/uploads\/usu2126\/2024\/02\/Foto-24.jpeg\" alt=\"\" width=\"2048\" height=\"684\" srcset=\"https:\/\/agora.xtec.cat\/ceippladedalt\/wp-content\/uploads\/usu2126\/2024\/02\/Foto-24.jpeg 2048w, https:\/\/agora.xtec.cat\/ceippladedalt\/wp-content\/uploads\/usu2126\/2024\/02\/Foto-24-300x100.jpeg 300w, https:\/\/agora.xtec.cat\/ceippladedalt\/wp-content\/uploads\/usu2126\/2024\/02\/Foto-24-1024x342.jpeg 1024w, https:\/\/agora.xtec.cat\/ceippladedalt\/wp-content\/uploads\/usu2126\/2024\/02\/Foto-24-768x257.jpeg 768w, https:\/\/agora.xtec.cat\/ceippladedalt\/wp-content\/uploads\/usu2126\/2024\/02\/Foto-24-1536x513.jpeg 1536w\" sizes=\"auto, (max-width: 2048px) 100vw, 2048px\" \/><\/p>\n<p>&nbsp;<\/p>\n","protected":false},"excerpt":{"rendered":"<p>El divendres 16 de febrer vam fer la Rua de Carnaval pels carrers de l&#8217;escola fins al camp de futbol. Les fam\u00edlies ens van acompanyar durant tota la rua dedicada als &#8220;Menjars de cultures del M\u00f3n&#8221; i acompanyats de la batucada dels alumnes de 6\u00e8.<br \/>\nVam&hellip;  <a href=\"https:\/\/agora.xtec.cat\/ceippladedalt\/portada\/rua-de-carnaval\/\" title=\"Read RUA DE CARNAVAL\">Llegeix m\u00e9s\u00bb<\/a><\/p>\n","protected":false},"author":1,"featured_media":20652,"comment_status":"open","ping_status":"closed","sticky":false,"template":"","format":"standard","meta":{"_bbp_topic_count":0,"_bbp_reply_count":0,"_bbp_total_topic_count":0,"_bbp_total_reply_count":0,"_bbp_voice_count":0,"_bbp_anonymous_reply_count":0,"_bbp_topic_count_hidden":0,"_bbp_reply_count_hidden":0,"_bbp_forum_subforum_count":0,"footnotes":""},"categories":[4],"tags":[],"class_list":["post-20665","post","type-post","status-publish","format-standard","has-post-thumbnail","hentry","category-portada"],"post_mailing_queue_ids":[],"_links":{"self":[{"href":"https:\/\/agora.xtec.cat\/ceippladedalt\/wp-json\/wp\/v2\/posts\/20665","targetHints":{"allow":["GET"]}}],"collection":[{"href":"https:\/\/agora.xtec.cat\/ceippladedalt\/wp-json\/wp\/v2\/posts"}],"about":[{"href":"https:\/\/agora.xtec.cat\/ceippladedalt\/wp-json\/wp\/v2\/types\/post"}],"author":[{"embeddable":true,"href":"https:\/\/agora.xtec.cat\/ceippladedalt\/wp-json\/wp\/v2\/users\/1"}],"replies":[{"embeddable":true,"href":"https:\/\/agora.xtec.cat\/ceippladedalt\/wp-json\/wp\/v2\/comments?post=20665"}],"version-history":[{"count":1,"href":"https:\/\/agora.xtec.cat\/ceippladedalt\/wp-json\/wp\/v2\/posts\/20665\/revisions"}],"predecessor-version":[{"id":20666,"href":"https:\/\/agora.xtec.cat\/ceippladedalt\/wp-json\/wp\/v2\/posts\/20665\/revisions\/20666"}],"wp:featuredmedia":[{"embeddable":true,"href":"https:\/\/agora.xtec.cat\/ceippladedalt\/wp-json\/wp\/v2\/media\/20652"}],"wp:attachment":[{"href":"https:\/\/agora.xtec.cat\/ceippladedalt\/wp-json\/wp\/v2\/media?parent=20665"}],"wp:term":[{"taxonomy":"category","embeddable":true,"href":"https:\/\/agora.xtec.cat\/ceippladedalt\/wp-json\/wp\/v2\/categories?post=20665"},{"taxonomy":"post_tag","embeddable":true,"href":"https:\/\/agora.xtec.cat\/ceippladedalt\/wp-json\/wp\/v2\/tags?post=20665"}],"curies":[{"name":"wp","href":"https:\/\/api.w.org\/{rel}","templated":true}]}}