{"id":20594,"date":"2024-02-07T12:13:28","date_gmt":"2024-02-07T11:13:28","guid":{"rendered":"https:\/\/agora.xtec.cat\/ceippladedalt\/?p=20594"},"modified":"2024-02-08T15:37:41","modified_gmt":"2024-02-08T14:37:41","slug":"preinscripcio-curs-24-25","status":"publish","type":"post","link":"https:\/\/agora.xtec.cat\/ceippladedalt\/portada\/preinscripcio-curs-24-25\/","title":{"rendered":"PREINSCRIPCI\u00d3 CURS 24-25 i JORNADA DE PORTES OBERTES"},"content":{"rendered":"<div>\n<div>\n<div>\n<p><img loading=\"lazy\" decoding=\"async\" class=\"alignright wp-image-20596\" src=\"https:\/\/agora.xtec.cat\/ceippladedalt\/wp-content\/uploads\/usu2126\/2024\/02\/preinscripcio.jpg_554688466.jpg\" alt=\"\" width=\"600\" height=\"338\" srcset=\"https:\/\/agora.xtec.cat\/ceippladedalt\/wp-content\/uploads\/usu2126\/2024\/02\/preinscripcio.jpg_554688466.jpg 1200w, https:\/\/agora.xtec.cat\/ceippladedalt\/wp-content\/uploads\/usu2126\/2024\/02\/preinscripcio.jpg_554688466-300x169.jpg 300w, https:\/\/agora.xtec.cat\/ceippladedalt\/wp-content\/uploads\/usu2126\/2024\/02\/preinscripcio.jpg_554688466-1024x576.jpg 1024w, https:\/\/agora.xtec.cat\/ceippladedalt\/wp-content\/uploads\/usu2126\/2024\/02\/preinscripcio.jpg_554688466-768x432.jpg 768w\" sizes=\"auto, (max-width: 600px) 100vw, 600px\" \/>Benvolgudes fam\u00edlies,<\/p>\n<\/div>\n<\/div>\n<\/div>\n<div>\n<div>\n<div>\n<p>S&#8217;han publicat les<a href=\"https:\/\/preinscripcio.gencat.cat\/ca\/detalls\/noticia\/dates-preinscripcio-2024-2025\"> dates de preinscripci\u00f3 del curs 24-25<\/a>:<\/p>\n<\/div>\n<\/div>\n<\/div>\n<div>\n<div>\n<div>\n<p><b>Educaci\u00f3 infantil (3-6 anys), educaci\u00f3 prim\u00e0ria i educaci\u00f3 secund\u00e0ria obligat\u00f2ria<\/b><\/p>\n<p><strong>Presentaci\u00f3 de sol\u00b7licituds:<\/strong><\/p>\n<ul>\n<li>Educaci\u00f3 infantil (3-6 anys) i educaci\u00f3 prim\u00e0ria:\u00a0<strong>del 6 al 20 de mar\u00e7<\/strong><\/li>\n<li>Educaci\u00f3 secund\u00e0ria obligat\u00f2ria:\u00a0<strong>del 8 al 20 de mar\u00e7<\/strong><\/li>\n<\/ul>\n<p><strong>Matr\u00edcula:<\/strong><\/p>\n<ul>\n<li>Educaci\u00f3 infantil, educaci\u00f3 prim\u00e0ria i educaci\u00f3 secund\u00e0ria obligat\u00f2ria: <strong>del 18 al 26 de juny<\/strong><\/li>\n<\/ul>\n<p>&nbsp;<\/p>\n<\/div>\n<h5 style=\"text-align: center;\"><span style=\"color: #5d3299;\"><strong>El <span style=\"text-decoration: underline;\">dissabte 2 de mar\u00e7 a partir de les 10h<\/span> farem una JORNADA DE PORTES OBERTES i REUNI\u00d3 INFORMATIVA per grups.<\/strong><\/span><\/h5>\n<div>\n<h5 style=\"text-align: center;\"><span style=\"color: #5d3299;\"><strong>Cal omplir el <a href=\"https:\/\/docs.google.com\/forms\/d\/e\/1FAIpQLSd52zpqnMBsfxjmXS3SrnH-eBRWrl6rmnq9Tm1QMnfby-v_sg\/viewform?usp=sf_link\">formulari<\/a> d&#8217;inscripci\u00f3 a les portes obertes.\u00a0<\/strong><\/span><\/h5>\n<h5 style=\"text-align: center;\"><span style=\"color: #5d3299;\"><strong>Us hi esperem!<\/strong><\/span><\/h5>\n<p><img loading=\"lazy\" decoding=\"async\" class=\"wp-image-20603 size-large aligncenter\" src=\"https:\/\/agora.xtec.cat\/ceippladedalt\/wp-content\/uploads\/usu2126\/2024\/02\/Foto-preinscripcio-24-25-1024x388.jpeg\" alt=\"\" width=\"1024\" height=\"388\" srcset=\"https:\/\/agora.xtec.cat\/ceippladedalt\/wp-content\/uploads\/usu2126\/2024\/02\/Foto-preinscripcio-24-25-1024x388.jpeg 1024w, https:\/\/agora.xtec.cat\/ceippladedalt\/wp-content\/uploads\/usu2126\/2024\/02\/Foto-preinscripcio-24-25-300x114.jpeg 300w, https:\/\/agora.xtec.cat\/ceippladedalt\/wp-content\/uploads\/usu2126\/2024\/02\/Foto-preinscripcio-24-25-768x291.jpeg 768w, https:\/\/agora.xtec.cat\/ceippladedalt\/wp-content\/uploads\/usu2126\/2024\/02\/Foto-preinscripcio-24-25-1536x582.jpeg 1536w, https:\/\/agora.xtec.cat\/ceippladedalt\/wp-content\/uploads\/usu2126\/2024\/02\/Foto-preinscripcio-24-25.jpeg 1600w\" sizes=\"auto, (max-width: 1024px) 100vw, 1024px\" \/><\/p>\n<\/div>\n<\/div>\n<\/div>\n","protected":false},"excerpt":{"rendered":"<p>Benvolgudes fam\u00edlies,<\/p>\n<p>S&#8217;han publicat les<a href=\"https:\/\/preinscripcio.gencat.cat\/ca\/detalls\/noticia\/dates-preinscripcio-2024-2025\"> dates de preinscripci\u00f3 del curs 24-25<\/a>:<\/p>\n<p>Educaci\u00f3 infantil (3-6 anys), educaci\u00f3 prim\u00e0ria i educaci\u00f3 secund\u00e0ria obligat\u00f2ria<br \/>\nPresentaci\u00f3 de sol\u00b7licituds:<\/p>\n<ul>\n<li>Educaci\u00f3 infantil (3-6 anys) i educaci\u00f3 prim\u00e0ria:\u00a0del 6 al 20 de mar\u00e7<\/li>\n<li>Educaci\u00f3 secund\u00e0ria obligat\u00f2ria:\u00a0del 8 al 20 de mar\u00e7<\/li>\n<\/ul>\n<p>Matr\u00edcula:<\/p>\n<ul>\n<li>Educaci\u00f3 infantil, educaci\u00f3 prim\u00e0ria i educaci\u00f3&hellip;  <a href=\"https:\/\/agora.xtec.cat\/ceippladedalt\/portada\/preinscripcio-curs-24-25\/\" title=\"Read PREINSCRIPCI\u00d3 CURS 24-25 i JORNADA DE PORTES OBERTES\">Llegeix m\u00e9s\u00bb<\/a><br \/>\n","protected":false},"author":1,"featured_media":20596,"comment_status":"open","ping_status":"closed","sticky":false,"template":"","format":"standard","meta":{"_bbp_topic_count":0,"_bbp_reply_count":0,"_bbp_total_topic_count":0,"_bbp_total_reply_count":0,"_bbp_voice_count":0,"_bbp_anonymous_reply_count":0,"_bbp_topic_count_hidden":0,"_bbp_reply_count_hidden":0,"_bbp_forum_subforum_count":0,"footnotes":""},"categories":[4],"tags":[],"class_list":["post-20594","post","type-post","status-publish","format-standard","has-post-thumbnail","hentry","category-portada"],"post_mailing_queue_ids":[],"_links":{"self":[{"href":"https:\/\/agora.xtec.cat\/ceippladedalt\/wp-json\/wp\/v2\/posts\/20594","targetHints":{"allow":["GET"]}}],"collection":[{"href":"https:\/\/agora.xtec.cat\/ceippladedalt\/wp-json\/wp\/v2\/posts"}],"about":[{"href":"https:\/\/agora.xtec.cat\/ceippladedalt\/wp-json\/wp\/v2\/types\/post"}],"author":[{"embeddable":true,"href":"https:\/\/agora.xtec.cat\/ceippladedalt\/wp-json\/wp\/v2\/users\/1"}],"replies":[{"embeddable":true,"href":"https:\/\/agora.xtec.cat\/ceippladedalt\/wp-json\/wp\/v2\/comments?post=20594"}],"version-history":[{"count":6,"href":"https:\/\/agora.xtec.cat\/ceippladedalt\/wp-json\/wp\/v2\/posts\/20594\/revisions"}],"predecessor-version":[{"id":20604,"href":"https:\/\/agora.xtec.cat\/ceippladedalt\/wp-json\/wp\/v2\/posts\/20594\/revisions\/20604"}],"wp:featuredmedia":[{"embeddable":true,"href":"https:\/\/agora.xtec.cat\/ceippladedalt\/wp-json\/wp\/v2\/media\/20596"}],"wp:attachment":[{"href":"https:\/\/agora.xtec.cat\/ceippladedalt\/wp-json\/wp\/v2\/media?parent=20594"}],"wp:term":[{"taxonomy":"category","embeddable":true,"href":"https:\/\/agora.xtec.cat\/ceippladedalt\/wp-json\/wp\/v2\/categories?post=20594"},{"taxonomy":"post_tag","embeddable":true,"href":"https:\/\/agora.xtec.cat\/ceippladedalt\/wp-json\/wp\/v2\/tags?post=20594"}],"curies":[{"name":"wp","href":"https:\/\/api.w.org\/{rel}","templated":true}]}}