{"id":20591,"date":"2024-02-08T12:06:57","date_gmt":"2024-02-08T11:06:57","guid":{"rendered":"https:\/\/agora.xtec.cat\/ceippladedalt\/?p=20591"},"modified":"2024-02-08T12:06:57","modified_gmt":"2024-02-08T11:06:57","slug":"dijous-gras-o-dijous-llarder","status":"publish","type":"post","link":"https:\/\/agora.xtec.cat\/ceippladedalt\/portada\/dijous-gras-o-dijous-llarder\/","title":{"rendered":"DIJOUS GRAS O DIJOUS LLARDER"},"content":{"rendered":"<p style=\"text-align: center;\">&#8220;Per Dijous Llarder, botifarra menjar\u00e9&#8221;<\/p>\n<p style=\"text-align: center;\">&#8220;Per Dijous Gras, botifarra fins al nas&#8221;<\/p>\n<p>Avui dijous 8 de febrer, tota l&#8217;escola hem celebrat el &#8220;<strong>Dijous Gras<\/strong>&#8221; o &#8220;<strong>Dijous Llarder<\/strong>&#8221; amb unes sortides a l&#8217;entorn. \u00c9s el dia de la truita, la coca de llardons i la botifarra d&#8217;ou. Tamb\u00e9 \u00e9s el dia que marca l&#8217;inici del Carnestoltes que celebrarem la setmana vinent.<\/p>\n<p><img loading=\"lazy\" decoding=\"async\" class=\"alignright size-full wp-image-20589\" src=\"https:\/\/agora.xtec.cat\/ceippladedalt\/wp-content\/uploads\/usu2126\/2024\/02\/Cartell-dijous-llarder.jpg\" alt=\"\" width=\"2016\" height=\"1512\" srcset=\"https:\/\/agora.xtec.cat\/ceippladedalt\/wp-content\/uploads\/usu2126\/2024\/02\/Cartell-dijous-llarder.jpg 2016w, https:\/\/agora.xtec.cat\/ceippladedalt\/wp-content\/uploads\/usu2126\/2024\/02\/Cartell-dijous-llarder-300x225.jpg 300w, https:\/\/agora.xtec.cat\/ceippladedalt\/wp-content\/uploads\/usu2126\/2024\/02\/Cartell-dijous-llarder-1024x768.jpg 1024w, https:\/\/agora.xtec.cat\/ceippladedalt\/wp-content\/uploads\/usu2126\/2024\/02\/Cartell-dijous-llarder-768x576.jpg 768w, https:\/\/agora.xtec.cat\/ceippladedalt\/wp-content\/uploads\/usu2126\/2024\/02\/Cartell-dijous-llarder-1536x1152.jpg 1536w, https:\/\/agora.xtec.cat\/ceippladedalt\/wp-content\/uploads\/usu2126\/2024\/02\/Cartell-dijous-llarder-200x150.jpg 200w\" sizes=\"auto, (max-width: 2016px) 100vw, 2016px\" \/><\/p>\n","protected":false},"excerpt":{"rendered":"<p>&#8220;Per Dijous Llarder, botifarra menjar\u00e9&#8221;<br \/>\n&#8220;Per Dijous Gras, botifarra fins al nas&#8221;<br \/>\nAvui dijous 8 de febrer, tota l&#8217;escola hem celebrat el &#8220;Dijous Gras&#8221; o &#8220;Dijous Llarder&#8221; amb unes sortides a l&#8217;entorn. \u00c9s el dia de la truita, la coca de llardons i la botifarra d&#8217;ou. Tamb\u00e9&hellip;  <a href=\"https:\/\/agora.xtec.cat\/ceippladedalt\/portada\/dijous-gras-o-dijous-llarder\/\" title=\"Read DIJOUS GRAS O DIJOUS LLARDER\">Llegeix m\u00e9s\u00bb<\/a><\/p>\n","protected":false},"author":1,"featured_media":20592,"comment_status":"open","ping_status":"closed","sticky":false,"template":"","format":"standard","meta":{"_bbp_topic_count":0,"_bbp_reply_count":0,"_bbp_total_topic_count":0,"_bbp_total_reply_count":0,"_bbp_voice_count":0,"_bbp_anonymous_reply_count":0,"_bbp_topic_count_hidden":0,"_bbp_reply_count_hidden":0,"_bbp_forum_subforum_count":0,"footnotes":""},"categories":[4],"tags":[],"class_list":["post-20591","post","type-post","status-publish","format-standard","has-post-thumbnail","hentry","category-portada"],"post_mailing_queue_ids":[],"_links":{"self":[{"href":"https:\/\/agora.xtec.cat\/ceippladedalt\/wp-json\/wp\/v2\/posts\/20591","targetHints":{"allow":["GET"]}}],"collection":[{"href":"https:\/\/agora.xtec.cat\/ceippladedalt\/wp-json\/wp\/v2\/posts"}],"about":[{"href":"https:\/\/agora.xtec.cat\/ceippladedalt\/wp-json\/wp\/v2\/types\/post"}],"author":[{"embeddable":true,"href":"https:\/\/agora.xtec.cat\/ceippladedalt\/wp-json\/wp\/v2\/users\/1"}],"replies":[{"embeddable":true,"href":"https:\/\/agora.xtec.cat\/ceippladedalt\/wp-json\/wp\/v2\/comments?post=20591"}],"version-history":[{"count":1,"href":"https:\/\/agora.xtec.cat\/ceippladedalt\/wp-json\/wp\/v2\/posts\/20591\/revisions"}],"predecessor-version":[{"id":20593,"href":"https:\/\/agora.xtec.cat\/ceippladedalt\/wp-json\/wp\/v2\/posts\/20591\/revisions\/20593"}],"wp:featuredmedia":[{"embeddable":true,"href":"https:\/\/agora.xtec.cat\/ceippladedalt\/wp-json\/wp\/v2\/media\/20592"}],"wp:attachment":[{"href":"https:\/\/agora.xtec.cat\/ceippladedalt\/wp-json\/wp\/v2\/media?parent=20591"}],"wp:term":[{"taxonomy":"category","embeddable":true,"href":"https:\/\/agora.xtec.cat\/ceippladedalt\/wp-json\/wp\/v2\/categories?post=20591"},{"taxonomy":"post_tag","embeddable":true,"href":"https:\/\/agora.xtec.cat\/ceippladedalt\/wp-json\/wp\/v2\/tags?post=20591"}],"curies":[{"name":"wp","href":"https:\/\/api.w.org\/{rel}","templated":true}]}}