{"id":20393,"date":"2023-11-24T16:25:02","date_gmt":"2023-11-24T15:25:02","guid":{"rendered":"https:\/\/agora.xtec.cat\/ceippladedalt\/?p=20393"},"modified":"2024-02-08T16:22:02","modified_gmt":"2024-02-08T15:22:02","slug":"nous-membres-del-consell-escolar-i-agraiment-als-membres-sortints-2","status":"publish","type":"post","link":"https:\/\/agora.xtec.cat\/ceippladedalt\/general\/nous-membres-del-consell-escolar-i-agraiment-als-membres-sortints-2\/","title":{"rendered":"NOUS MEMBRES DEL CONSELL ESCOLAR I AGRA\u00cfMENT ALS MEMBRES SORTINTS"},"content":{"rendered":"<p><strong><img loading=\"lazy\" decoding=\"async\" class=\"size-full wp-image-20351 aligncenter\" src=\"https:\/\/agora.xtec.cat\/ceippladedalt\/wp-content\/uploads\/usu2126\/2023\/11\/Votacions-Consell-Escolar.png\" alt=\"\" width=\"750\" height=\"183\" srcset=\"https:\/\/agora.xtec.cat\/ceippladedalt\/wp-content\/uploads\/usu2126\/2023\/11\/Votacions-Consell-Escolar.png 750w, https:\/\/agora.xtec.cat\/ceippladedalt\/wp-content\/uploads\/usu2126\/2023\/11\/Votacions-Consell-Escolar-300x73.png 300w\" sizes=\"auto, (max-width: 750px) 100vw, 750px\" \/><\/strong><\/p>\n<p><strong>NOUS MEMBRES DEL CONSELL ESCOLAR SECTOR FAM\u00cdLIES-MESTRES-PAS I AGRA\u00cfMENT ALS MEMBRES SORTINTS DEL CONSELL ESCOLAR<\/strong><\/p>\n<p style=\"text-align: center;\"><span style=\"color: #800080;\"><strong>Un agra\u00efment especial a totes les persones que van participar en les votacions.<\/strong><\/span><\/p>\n<p>Una vegada fetes les votacions per escollir els nous membres del Consell Escolar de l\u2019escola:<\/p>\n<ul>\n<li>Els\/les nous representants de fam\u00edlies del Consell Escolar s\u00f3n: <strong>Assumpci\u00f3 Alsina i Farah El Gamouchi<\/strong><\/li>\n<li>Les noves representants del sector Mestres: <strong>Susana \u00c1lvarez, Laura Mas\u00f3 i Raquel Vila<\/strong><\/li>\n<li>La\u00a0 representant del personal d\u2019atenci\u00f3 i serveis (PAS): <strong>Montserrat Aspar\u00f3<\/strong><\/li>\n<\/ul>\n<p>El nou representant de l&#8217;Ajuntament: <strong>Josep Quintana<\/strong><\/p>\n<p>La nova representant de l&#8217;AFA: <strong>Cristina Amores<\/strong><\/p>\n<p><strong>Benvingudes i benvingut!<\/strong><\/p>\n<p>Volem agrair la participaci\u00f3 de totes les candidatures, i tamb\u00e9 la col\u00b7laboraci\u00f3 d\u2019en Xevi Subirana, l&#8217;Antoni Puig, la Dolors Corc\u00f3 i la S\u00edlvia Paz que van formar part de les meses electorals.<\/p>\n<p><strong>A mateix temps agra\u00efm el treball fet al Consell Escolar de la nostra escola als membres sortints del consell escolar, l\u2019Agn\u00e8s Vilanova, l&#8217;Oriol Casas, la S\u00edlvia Franc\u00e8s, la Gemma Juvanteny, l&#8217;Anna L\u00e1zaro, que ens han ajudat a tirar endavant la nostra escola durant aquests cursos com a membres d\u2019aquest consell.<\/strong><\/p>\n<p><strong>Moltes gr\u00e0cies!<\/strong><\/p>\n<p>El Consell Escolar es constituir\u00e0 el dimarts 28 de novembre de 2023.<\/p>\n","protected":false},"excerpt":{"rendered":"<p>NOUS MEMBRES DEL CONSELL ESCOLAR SECTOR FAM\u00cdLIES-MESTRES-PAS I AGRA\u00cfMENT ALS MEMBRES SORTINTS DEL CONSELL ESCOLAR<br \/>\nUn agra\u00efment especial a totes les persones que van participar en les votacions.<br \/>\nUna vegada fetes les votacions per escollir els nous membres del Consell Escolar de l\u2019escola:<\/p>\n<ul>\n<li>Els\/les nous representants de fam\u00edlies&hellip;  <a href=\"https:\/\/agora.xtec.cat\/ceippladedalt\/general\/nous-membres-del-consell-escolar-i-agraiment-als-membres-sortints-2\/\" title=\"Read NOUS MEMBRES DEL CONSELL ESCOLAR I AGRA\u00cfMENT ALS MEMBRES SORTINTS\">Llegeix m\u00e9s\u00bb<\/a><br \/>\n","protected":false},"author":1,"featured_media":20351,"comment_status":"open","ping_status":"closed","sticky":false,"template":"","format":"standard","meta":{"_bbp_topic_count":0,"_bbp_reply_count":0,"_bbp_total_topic_count":0,"_bbp_total_reply_count":0,"_bbp_voice_count":0,"_bbp_anonymous_reply_count":0,"_bbp_topic_count_hidden":0,"_bbp_reply_count_hidden":0,"_bbp_forum_subforum_count":0,"footnotes":""},"categories":[1,4],"tags":[],"class_list":["post-20393","post","type-post","status-publish","format-standard","has-post-thumbnail","hentry","category-general","category-portada"],"post_mailing_queue_ids":[],"_links":{"self":[{"href":"https:\/\/agora.xtec.cat\/ceippladedalt\/wp-json\/wp\/v2\/posts\/20393","targetHints":{"allow":["GET"]}}],"collection":[{"href":"https:\/\/agora.xtec.cat\/ceippladedalt\/wp-json\/wp\/v2\/posts"}],"about":[{"href":"https:\/\/agora.xtec.cat\/ceippladedalt\/wp-json\/wp\/v2\/types\/post"}],"author":[{"embeddable":true,"href":"https:\/\/agora.xtec.cat\/ceippladedalt\/wp-json\/wp\/v2\/users\/1"}],"replies":[{"embeddable":true,"href":"https:\/\/agora.xtec.cat\/ceippladedalt\/wp-json\/wp\/v2\/comments?post=20393"}],"version-history":[{"count":3,"href":"https:\/\/agora.xtec.cat\/ceippladedalt\/wp-json\/wp\/v2\/posts\/20393\/revisions"}],"predecessor-version":[{"id":20605,"href":"https:\/\/agora.xtec.cat\/ceippladedalt\/wp-json\/wp\/v2\/posts\/20393\/revisions\/20605"}],"wp:featuredmedia":[{"embeddable":true,"href":"https:\/\/agora.xtec.cat\/ceippladedalt\/wp-json\/wp\/v2\/media\/20351"}],"wp:attachment":[{"href":"https:\/\/agora.xtec.cat\/ceippladedalt\/wp-json\/wp\/v2\/media?parent=20393"}],"wp:term":[{"taxonomy":"category","embeddable":true,"href":"https:\/\/agora.xtec.cat\/ceippladedalt\/wp-json\/wp\/v2\/categories?post=20393"},{"taxonomy":"post_tag","embeddable":true,"href":"https:\/\/agora.xtec.cat\/ceippladedalt\/wp-json\/wp\/v2\/tags?post=20393"}],"curies":[{"name":"wp","href":"https:\/\/api.w.org\/{rel}","templated":true}]}}