{"id":20349,"date":"2023-11-10T17:02:07","date_gmt":"2023-11-10T16:02:07","guid":{"rendered":"https:\/\/agora.xtec.cat\/ceippladedalt\/?p=20349"},"modified":"2023-11-23T18:31:33","modified_gmt":"2023-11-23T17:31:33","slug":"lluernia-2023","status":"publish","type":"post","link":"https:\/\/agora.xtec.cat\/ceippladedalt\/portada\/lluernia-2023\/","title":{"rendered":"LLU\u00c8RNIA 2023"},"content":{"rendered":"<p>Les arrels del faig del Parc Nou convertides en poesia&#8230; un batec de silenci!!<\/p>\n<p><img loading=\"lazy\" decoding=\"async\" class=\"alignright size-full wp-image-20396\" src=\"https:\/\/agora.xtec.cat\/ceippladedalt\/wp-content\/uploads\/usu2126\/2023\/11\/84441903-1C26-4AB9-8E4A-CBA85347BE3E.jpeg\" alt=\"\" width=\"2048\" height=\"774\" srcset=\"https:\/\/agora.xtec.cat\/ceippladedalt\/wp-content\/uploads\/usu2126\/2023\/11\/84441903-1C26-4AB9-8E4A-CBA85347BE3E.jpeg 2048w, https:\/\/agora.xtec.cat\/ceippladedalt\/wp-content\/uploads\/usu2126\/2023\/11\/84441903-1C26-4AB9-8E4A-CBA85347BE3E-300x113.jpeg 300w, https:\/\/agora.xtec.cat\/ceippladedalt\/wp-content\/uploads\/usu2126\/2023\/11\/84441903-1C26-4AB9-8E4A-CBA85347BE3E-1024x387.jpeg 1024w, https:\/\/agora.xtec.cat\/ceippladedalt\/wp-content\/uploads\/usu2126\/2023\/11\/84441903-1C26-4AB9-8E4A-CBA85347BE3E-768x290.jpeg 768w, https:\/\/agora.xtec.cat\/ceippladedalt\/wp-content\/uploads\/usu2126\/2023\/11\/84441903-1C26-4AB9-8E4A-CBA85347BE3E-1536x581.jpeg 1536w\" sizes=\"auto, (max-width: 2048px) 100vw, 2048px\" \/><\/p>\n<h5 style=\"text-align: center;\"><a href=\"https:\/\/lluernia.cat\/\"><span style=\"color: #800080;\">Llu\u00e8rnia 2023. M\u00e9s informaci\u00f3<\/span><\/a><\/h5>\n<p><img loading=\"lazy\" decoding=\"async\" class=\"aligncenter wp-image-20316 size-large\" src=\"https:\/\/agora.xtec.cat\/ceippladedalt\/wp-content\/uploads\/usu2126\/2023\/11\/Lluernia-2023-1024x576.jpg\" alt=\"\" width=\"1024\" height=\"576\" srcset=\"https:\/\/agora.xtec.cat\/ceippladedalt\/wp-content\/uploads\/usu2126\/2023\/11\/Lluernia-2023-1024x576.jpg 1024w, https:\/\/agora.xtec.cat\/ceippladedalt\/wp-content\/uploads\/usu2126\/2023\/11\/Lluernia-2023-300x169.jpg 300w, https:\/\/agora.xtec.cat\/ceippladedalt\/wp-content\/uploads\/usu2126\/2023\/11\/Lluernia-2023-768x432.jpg 768w, https:\/\/agora.xtec.cat\/ceippladedalt\/wp-content\/uploads\/usu2126\/2023\/11\/Lluernia-2023-1536x864.jpg 1536w, https:\/\/agora.xtec.cat\/ceippladedalt\/wp-content\/uploads\/usu2126\/2023\/11\/Lluernia-2023.jpg 2048w\" sizes=\"auto, (max-width: 1024px) 100vw, 1024px\" \/><\/p>\n","protected":false},"excerpt":{"rendered":"<p>Les arrels del faig del Parc Nou convertides en poesia&#8230; un batec de silenci!!<\/p>\n<p><a href=\"https:\/\/lluernia.cat\/\">Llu\u00e8rnia 2023. M\u00e9s informaci\u00f3<\/a><\/p>\n","protected":false},"author":1,"featured_media":20316,"comment_status":"open","ping_status":"closed","sticky":false,"template":"","format":"standard","meta":{"_bbp_topic_count":0,"_bbp_reply_count":0,"_bbp_total_topic_count":0,"_bbp_total_reply_count":0,"_bbp_voice_count":0,"_bbp_anonymous_reply_count":0,"_bbp_topic_count_hidden":0,"_bbp_reply_count_hidden":0,"_bbp_forum_subforum_count":0,"footnotes":""},"categories":[4],"tags":[],"class_list":["post-20349","post","type-post","status-publish","format-standard","has-post-thumbnail","hentry","category-portada"],"post_mailing_queue_ids":[],"_links":{"self":[{"href":"https:\/\/agora.xtec.cat\/ceippladedalt\/wp-json\/wp\/v2\/posts\/20349","targetHints":{"allow":["GET"]}}],"collection":[{"href":"https:\/\/agora.xtec.cat\/ceippladedalt\/wp-json\/wp\/v2\/posts"}],"about":[{"href":"https:\/\/agora.xtec.cat\/ceippladedalt\/wp-json\/wp\/v2\/types\/post"}],"author":[{"embeddable":true,"href":"https:\/\/agora.xtec.cat\/ceippladedalt\/wp-json\/wp\/v2\/users\/1"}],"replies":[{"embeddable":true,"href":"https:\/\/agora.xtec.cat\/ceippladedalt\/wp-json\/wp\/v2\/comments?post=20349"}],"version-history":[{"count":2,"href":"https:\/\/agora.xtec.cat\/ceippladedalt\/wp-json\/wp\/v2\/posts\/20349\/revisions"}],"predecessor-version":[{"id":20397,"href":"https:\/\/agora.xtec.cat\/ceippladedalt\/wp-json\/wp\/v2\/posts\/20349\/revisions\/20397"}],"wp:featuredmedia":[{"embeddable":true,"href":"https:\/\/agora.xtec.cat\/ceippladedalt\/wp-json\/wp\/v2\/media\/20316"}],"wp:attachment":[{"href":"https:\/\/agora.xtec.cat\/ceippladedalt\/wp-json\/wp\/v2\/media?parent=20349"}],"wp:term":[{"taxonomy":"category","embeddable":true,"href":"https:\/\/agora.xtec.cat\/ceippladedalt\/wp-json\/wp\/v2\/categories?post=20349"},{"taxonomy":"post_tag","embeddable":true,"href":"https:\/\/agora.xtec.cat\/ceippladedalt\/wp-json\/wp\/v2\/tags?post=20349"}],"curies":[{"name":"wp","href":"https:\/\/api.w.org\/{rel}","templated":true}]}}