{"id":2024,"date":"2021-03-01T09:09:56","date_gmt":"2021-03-01T08:09:56","guid":{"rendered":"https:\/\/agora.xtec.cat\/ceippladedalt\/?p=2024"},"modified":"2021-03-09T13:15:58","modified_gmt":"2021-03-09T12:15:58","slug":"xerrada-informativa-i-visites-en-grups-reduits-formulari","status":"publish","type":"post","link":"https:\/\/agora.xtec.cat\/ceippladedalt\/portada\/xerrada-informativa-i-visites-en-grups-reduits-formulari\/","title":{"rendered":"XERRADA I VISITES EN GRUPS REDU\u00cfTS (FORMULARI)"},"content":{"rendered":"<p>La <span style=\"text-decoration: underline;\">presentaci\u00f3 de sol\u00b7licituds de preinscripci\u00f3<\/span> per educaci\u00f3 infantil de segon cicle i educaci\u00f3 prim\u00e0ria \u00e9s del <strong>15 al 24 de mar\u00e7 de 2021<\/strong>, en format telem\u00e0tic. Podeu consultar m\u00e9s informaci\u00f3 a la web del <strong>Departament d&#8217;Educaci\u00f3 &#8220;<a href=\"https:\/\/preinscripcio.gencat.cat\/ca\/inici\">Prepara&#8217;t per la preinscripci\u00f3 en l\u00ednia<\/a>&#8220;<\/strong> amb podcasts, v\u00eddeos, el <a href=\"https:\/\/preinscripcio.gencat.cat\/ca\/estudis\/infantil-3-6\/informat\/calendari\/\">calendari provisional<\/a>, els <a href=\"https:\/\/preinscripcio.gencat.cat\/ca\/estudis\/infantil-3-6\/informat\/criteris-assignacio\/\">criteris d&#8217;assignaci\u00f3 de pla\u00e7a<\/a> , la <a href=\"https:\/\/preinscripcio.gencat.cat\/ca\/estudis\/infantil-3-6\/informat\/prepara-documentacio\/\">documentaci\u00f3<\/a> que cal anar preparant i un ampli apartat de preguntes m\u00e9s freq\u00fcents.<\/p>\n<p style=\"text-align: center;\"><strong>Clica la imatge per ampliar el tr\u00edptic <\/strong><strong><a href=\"https:\/\/drive.google.com\/file\/d\/1BiGfbyCzxCrUv7rxh6gq2zLRZPjYK2_t\/view?usp=sharing\"><img loading=\"lazy\" decoding=\"async\" class=\"size-medium wp-image-1968 aligncenter\" src=\"https:\/\/agora.xtec.cat\/ceippladedalt\/wp-content\/uploads\/usu2126\/2021\/02\/Tr\u00edptic-foto-195x300.jpg\" alt=\"\" width=\"195\" height=\"300\" data-wp-editing=\"1\" srcset=\"https:\/\/agora.xtec.cat\/ceippladedalt\/wp-content\/uploads\/usu2126\/2021\/02\/Tr\u00edptic-foto-195x300.jpg 195w, https:\/\/agora.xtec.cat\/ceippladedalt\/wp-content\/uploads\/usu2126\/2021\/02\/Tr\u00edptic-foto-768x1181.jpg 768w, https:\/\/agora.xtec.cat\/ceippladedalt\/wp-content\/uploads\/usu2126\/2021\/02\/Tr\u00edptic-foto-666x1024.jpg 666w, https:\/\/agora.xtec.cat\/ceippladedalt\/wp-content\/uploads\/usu2126\/2021\/02\/Tr\u00edptic-foto.jpg 1242w\" sizes=\"auto, (max-width: 195px) 100vw, 195px\" \/><\/a><\/strong><\/p>\n<p>Si voleu con\u00e8ixer la nostra escola organitzem una <strong>Jornada de portes obertes<\/strong> per videoconfer\u00e8ncia el <strong>dilluns 8 de mar\u00e7<\/strong> a les<strong> 18h<\/strong>. Tamb\u00e9 fem visites en grups redu\u00efts amb cita pr\u00e8via. Ompliu el seg\u00fcent\u00a0 <a href=\"https:\/\/docs.google.com\/forms\/d\/e\/1FAIpQLSd52zpqnMBsfxjmXS3SrnH-eBRWrl6rmnq9Tm1QMnfby-v_sg\/viewform?usp=sf_link\">formulari<\/a> per assistir-hi.<\/p>\n","protected":false},"excerpt":{"rendered":"<p>La presentaci\u00f3 de sol\u00b7licituds de preinscripci\u00f3 per educaci\u00f3 infantil de segon cicle i educaci\u00f3 prim\u00e0ria \u00e9s del 15 al 24 de mar\u00e7 de 2021, en format telem\u00e0tic. Podeu consultar m\u00e9s informaci\u00f3 a la web del Departament d&#8217;Educaci\u00f3 &#8220;<a href=\"https:\/\/preinscripcio.gencat.cat\/ca\/inici\">Prepara&#8217;t per la preinscripci\u00f3 en l\u00ednia<\/a>&#8220; amb&hellip;  <a href=\"https:\/\/agora.xtec.cat\/ceippladedalt\/portada\/xerrada-informativa-i-visites-en-grups-reduits-formulari\/\" title=\"Read XERRADA I VISITES EN GRUPS REDU\u00cfTS (FORMULARI)\">Llegeix m\u00e9s\u00bb<\/a><\/p>\n","protected":false},"author":1,"featured_media":2026,"comment_status":"open","ping_status":"closed","sticky":false,"template":"","format":"standard","meta":{"_bbp_topic_count":0,"_bbp_reply_count":0,"_bbp_total_topic_count":0,"_bbp_total_reply_count":0,"_bbp_voice_count":0,"_bbp_anonymous_reply_count":0,"_bbp_topic_count_hidden":0,"_bbp_reply_count_hidden":0,"_bbp_forum_subforum_count":0,"footnotes":""},"categories":[4],"tags":[],"class_list":["post-2024","post","type-post","status-publish","format-standard","has-post-thumbnail","hentry","category-portada"],"post_mailing_queue_ids":[],"_links":{"self":[{"href":"https:\/\/agora.xtec.cat\/ceippladedalt\/wp-json\/wp\/v2\/posts\/2024","targetHints":{"allow":["GET"]}}],"collection":[{"href":"https:\/\/agora.xtec.cat\/ceippladedalt\/wp-json\/wp\/v2\/posts"}],"about":[{"href":"https:\/\/agora.xtec.cat\/ceippladedalt\/wp-json\/wp\/v2\/types\/post"}],"author":[{"embeddable":true,"href":"https:\/\/agora.xtec.cat\/ceippladedalt\/wp-json\/wp\/v2\/users\/1"}],"replies":[{"embeddable":true,"href":"https:\/\/agora.xtec.cat\/ceippladedalt\/wp-json\/wp\/v2\/comments?post=2024"}],"version-history":[{"count":2,"href":"https:\/\/agora.xtec.cat\/ceippladedalt\/wp-json\/wp\/v2\/posts\/2024\/revisions"}],"predecessor-version":[{"id":2027,"href":"https:\/\/agora.xtec.cat\/ceippladedalt\/wp-json\/wp\/v2\/posts\/2024\/revisions\/2027"}],"wp:featuredmedia":[{"embeddable":true,"href":"https:\/\/agora.xtec.cat\/ceippladedalt\/wp-json\/wp\/v2\/media\/2026"}],"wp:attachment":[{"href":"https:\/\/agora.xtec.cat\/ceippladedalt\/wp-json\/wp\/v2\/media?parent=2024"}],"wp:term":[{"taxonomy":"category","embeddable":true,"href":"https:\/\/agora.xtec.cat\/ceippladedalt\/wp-json\/wp\/v2\/categories?post=2024"},{"taxonomy":"post_tag","embeddable":true,"href":"https:\/\/agora.xtec.cat\/ceippladedalt\/wp-json\/wp\/v2\/tags?post=2024"}],"curies":[{"name":"wp","href":"https:\/\/api.w.org\/{rel}","templated":true}]}}