{"id":20171,"date":"2023-10-30T12:46:02","date_gmt":"2023-10-30T11:46:02","guid":{"rendered":"https:\/\/agora.xtec.cat\/ceippladedalt\/?p=20171"},"modified":"2023-10-31T08:50:55","modified_gmt":"2023-10-31T07:50:55","slug":"eleccions-consell-escolar-2023","status":"publish","type":"post","link":"https:\/\/agora.xtec.cat\/ceippladedalt\/portada\/eleccions-consell-escolar-2023\/","title":{"rendered":"ELECCIONS CONSELL ESCOLAR 2023"},"content":{"rendered":"<p style=\"text-align: center;\"><strong>ELECCIONS CONSELL ESCOLAR 2023<\/strong><\/p>\n<p>El Departament d\u2019Ensenyament ha convocat eleccions per tal de renovar els representants als Consells Escolars dels Centres Docents p\u00fablics de Catalunya. El proc\u00e9s electoral s\u2019efectuar\u00e0 per renovar la meitat dels membres de cadascun del sectors que formen els consells escolars.<\/p>\n<p><strong><u>Qu\u00e8 \u00e9s un Consell Escolar<\/u><\/strong><strong>\u00a0?<\/strong><\/p>\n<p>El Consell Escolar del centre \u00e9s l\u2019<strong>\u00f2rgan col\u00b7legiat de participaci\u00f3<\/strong> de la comunitat escolar en el govern del centre, amb funcions en l\u2019\u00e0mbit de la programaci\u00f3 general, i en el seguiment i avaluaci\u00f3 de les seves activitats.<\/p>\n<p>Els membres del Consell Escolar s\u00f3n escollits per quatre anys. Cada dos anys es renova la meitat dels membres representants de mestres i la meitat dels membres representants del sector fam\u00edlies d\u2019alumnes (<span style=\"text-decoration: underline; color: #ff00ff;\"><strong>aquestes eleccions s\u00f3n 3 membres del sector MESTRES, 2 membres del sector FAM\u00cdLIES i 1 membre del sector PAS<\/strong><\/span>).<\/p>\n<p><strong><u>Quina \u00e9s la composici\u00f3 del Consell Escolar de la nostra escola:<\/u><\/strong><\/p>\n<ul>\n<li>La directora del centre, que n\u2019\u00e9s la presidenta.<\/li>\n<li>La cap d\u2019estudis.<\/li>\n<li>La secretaria (amb veu per\u00f2 sense vot).<\/li>\n<li>1 representant de l\u2019Ajuntament.<\/li>\n<li>6 mestres elegits pel Claustre.<\/li>\n<li>6 mares\/pares elegits entre ells, incl\u00f2s 1 representant de l\u2019AFA.<\/li>\n<li>1 representant del personal d\u2019administraci\u00f3 i serveis (PAS) i\/o personal atenci\u00f3 educativa (PAE)<\/li>\n<\/ul>\n<p>TOTAL = 17 membres del Consell Escolar del Centre.<\/p>\n<p>Tots ells han de ser elegits per cadascun dels sectors corresponents (sector fam\u00edlies, sector mestres, sector serveis). Excepte:<\/p>\n<ul>\n<li>La directora, la cap d\u2019estudis i la secretaria.<\/li>\n<li>La representant de l\u2019Ajuntament.<\/li>\n<li>La representant de l\u2019AFA que la designa la pr\u00f2pia associaci\u00f3.<\/li>\n<\/ul>\n<p><strong><u>Qui t\u00e9 dret de vot<\/u><\/strong><strong>\u00a0?<\/strong><\/p>\n<p>Tots els pares, mares i els\/les tutors\/es legals, els fills i filles dels quals estiguin matriculats\/des al centre en el moment de la convocat\u00f2ria de les eleccions.<\/p>\n<p><strong><u>Procediment d\u2019elecci\u00f3 o renovaci\u00f3 dels membres del Consell Escolar. SECTOR MARES i PARES<\/u><\/strong><\/p>\n<ul>\n<li>A partir del 30 <em>d&#8217;octubre <\/em>podeu comprovar el cens de mares i pares. El trobareu al plaf\u00f3 situat a l\u2019entrada principal de l\u2019escola.<\/li>\n<li>Poden ser\u00a0<u>candidats\/des al sector fam\u00edlies<\/u>: tots els pares o mares o tutors legals d\u2019alumnes del centre.\u00a0<strong>Per ser candidat cal omplir un impr\u00e8s que podeu recollir a l\u2019escola.<\/strong><\/li>\n<li><u>Votacions<\/u>: les votacions s\u00f3n personals, directes i secretes. Pot votar tant el pare com la mare o tutor\/a legal dels alumnes escolaritzats en el Centre.<\/li>\n<li><u>Mesa electoral<\/u>: A la mesa electoral hi haur\u00e0 el director i dos pares o mares que els hi hagi tocat per sorteig. Actuar\u00e0 de secretari\/a el pare o mare de menys edat.<\/li>\n<\/ul>\n<p><strong><u>Calendari de la convocat\u00f2ria d\u2019eleccions al Consell Escolar<\/u><\/strong><\/p>\n<ul>\n<li>Inici del proc\u00e9s: a partir del dia 30 d&#8217;octubre de 2023<\/li>\n<li>Constituci\u00f3 de les meses electorals: abans del dia 13 de novembre de 2023<\/li>\n<li>Votacions: entre els dies 20 i 24 de novembre de 2023, ambd\u00f3s inclosos<\/li>\n<li>Constituci\u00f3 del consell escolar i presa de possessi\u00f3 dels seus membres: no m\u00e9s tard del dia 19 de desembre de 2023<\/li>\n<\/ul>\n<p>M\u00e9s informaci\u00f3 al seg\u00fcent\u00a0<a href=\"https:\/\/educacio.gencat.cat\/ca\/arees-actuacio\/centres-serveis-educatius\/centres\/consells-escolars-centres\/\">enlla\u00e7<\/a>.<\/p>\n<p><em>Resoluci\u00f3 EDU\/3014\/2023, de 30 d&#8217;agost, per la qual s&#8217;estableix el calendari i el r\u00e8gim del proc\u00e9s electoral per renovar els membres dels consells escolars dels centres p\u00fablics i privats sostinguts amb fons p\u00fablics i es crea un pla pilot per implementar el sistema de vot electr\u00f2nic en centres p\u00fablics de titularitat del Departament d&#8217;Educaci\u00f3 (DOGC n\u00fam. 8997, de 8.9.2023)<\/em><\/p>\n<p>&nbsp;<\/p>\n<p><span style=\"color: #808080;\"><em>Anna Poch Massa<\/em><\/span><\/p>\n<p><span style=\"color: #808080;\">Presidenta del Consell Escolar de l\u2019escola Pla de Dalt<\/span><\/p>\n","protected":false},"excerpt":{"rendered":"<p>ELECCIONS CONSELL ESCOLAR 2023<br \/>\nEl Departament d\u2019Ensenyament ha convocat eleccions per tal de renovar els representants als Consells Escolars dels Centres Docents p\u00fablics de Catalunya. El proc\u00e9s electoral s\u2019efectuar\u00e0 per renovar la meitat dels membres de cadascun del sectors que formen els consells escolars.<br \/>\nQu\u00e8 \u00e9s un&hellip;  <a href=\"https:\/\/agora.xtec.cat\/ceippladedalt\/portada\/eleccions-consell-escolar-2023\/\" title=\"Read ELECCIONS CONSELL ESCOLAR 2023\">Llegeix m\u00e9s\u00bb<\/a><\/p>\n","protected":false},"author":1,"featured_media":20172,"comment_status":"open","ping_status":"closed","sticky":false,"template":"","format":"standard","meta":{"_bbp_topic_count":0,"_bbp_reply_count":0,"_bbp_total_topic_count":0,"_bbp_total_reply_count":0,"_bbp_voice_count":0,"_bbp_anonymous_reply_count":0,"_bbp_topic_count_hidden":0,"_bbp_reply_count_hidden":0,"_bbp_forum_subforum_count":0,"footnotes":""},"categories":[4],"tags":[],"class_list":["post-20171","post","type-post","status-publish","format-standard","has-post-thumbnail","hentry","category-portada"],"post_mailing_queue_ids":[],"_links":{"self":[{"href":"https:\/\/agora.xtec.cat\/ceippladedalt\/wp-json\/wp\/v2\/posts\/20171","targetHints":{"allow":["GET"]}}],"collection":[{"href":"https:\/\/agora.xtec.cat\/ceippladedalt\/wp-json\/wp\/v2\/posts"}],"about":[{"href":"https:\/\/agora.xtec.cat\/ceippladedalt\/wp-json\/wp\/v2\/types\/post"}],"author":[{"embeddable":true,"href":"https:\/\/agora.xtec.cat\/ceippladedalt\/wp-json\/wp\/v2\/users\/1"}],"replies":[{"embeddable":true,"href":"https:\/\/agora.xtec.cat\/ceippladedalt\/wp-json\/wp\/v2\/comments?post=20171"}],"version-history":[{"count":2,"href":"https:\/\/agora.xtec.cat\/ceippladedalt\/wp-json\/wp\/v2\/posts\/20171\/revisions"}],"predecessor-version":[{"id":20190,"href":"https:\/\/agora.xtec.cat\/ceippladedalt\/wp-json\/wp\/v2\/posts\/20171\/revisions\/20190"}],"wp:featuredmedia":[{"embeddable":true,"href":"https:\/\/agora.xtec.cat\/ceippladedalt\/wp-json\/wp\/v2\/media\/20172"}],"wp:attachment":[{"href":"https:\/\/agora.xtec.cat\/ceippladedalt\/wp-json\/wp\/v2\/media?parent=20171"}],"wp:term":[{"taxonomy":"category","embeddable":true,"href":"https:\/\/agora.xtec.cat\/ceippladedalt\/wp-json\/wp\/v2\/categories?post=20171"},{"taxonomy":"post_tag","embeddable":true,"href":"https:\/\/agora.xtec.cat\/ceippladedalt\/wp-json\/wp\/v2\/tags?post=20171"}],"curies":[{"name":"wp","href":"https:\/\/api.w.org\/{rel}","templated":true}]}}