{"id":2016,"date":"2021-03-08T16:37:49","date_gmt":"2021-03-08T15:37:49","guid":{"rendered":"https:\/\/agora.xtec.cat\/ceippladedalt\/?p=2016"},"modified":"2021-03-11T16:57:57","modified_gmt":"2021-03-11T15:57:57","slug":"un-cop-dull-a-lescola","status":"publish","type":"post","link":"https:\/\/agora.xtec.cat\/ceippladedalt\/portada\/un-cop-dull-a-lescola\/","title":{"rendered":"XERRADA INFORMATIVA I V\u00cdDEO &#8220;UN COP D&#8217;ULL&#8221;"},"content":{"rendered":"<p>Us deixem la presentaci\u00f3 &#8220;SOM AIX\u00cd&#8221; que hem presentat a la xerrada informativa de la preinscripci\u00f3 pel curs 2021-2022.<\/p>\n<p>Tamb\u00e9 us deixem els seg\u00fcents documents:<\/p>\n<p><a href=\"https:\/\/agora.xtec.cat\/ceippladedalt\/wp-content\/uploads\/usu2126\/2021\/03\/1.-Documents-preinscripci\u00f3-2021-22.pdf\">1. Documents preinscripci\u00f3 2021-22<\/a><\/p>\n<p><a href=\"https:\/\/agora.xtec.cat\/ceippladedalt\/wp-content\/uploads\/usu2126\/2021\/03\/Calendari-preinscripci\u00f3-2021-2022-pares.pdf\">2. Calendari preinscripci\u00f3 2021-2022 pares<\/a><\/p>\n<p><a href=\"https:\/\/agora.xtec.cat\/ceippladedalt\/wp-content\/uploads\/usu2126\/2021\/03\/Criteris-de-prioritat-preinscripci\u00f3-2021-22.pdf\">3. Criteris de prioritat preinscripci\u00f3 2021-22<\/a><\/p>\n<p><a href=\"https:\/\/drive.google.com\/file\/d\/1e4kzccEmMgxqAprc0zwOsaEp6dayyqa5\/view?usp=sharing\"><img loading=\"lazy\" decoding=\"async\" class=\"size-medium wp-image-2041 aligncenter\" src=\"https:\/\/agora.xtec.cat\/ceippladedalt\/wp-content\/uploads\/usu2126\/2021\/03\/som-aix\u00ed-300x164.jpg\" alt=\"\" width=\"300\" height=\"164\" srcset=\"https:\/\/agora.xtec.cat\/ceippladedalt\/wp-content\/uploads\/usu2126\/2021\/03\/som-aix\u00ed-300x164.jpg 300w, https:\/\/agora.xtec.cat\/ceippladedalt\/wp-content\/uploads\/usu2126\/2021\/03\/som-aix\u00ed-768x419.jpg 768w, https:\/\/agora.xtec.cat\/ceippladedalt\/wp-content\/uploads\/usu2126\/2021\/03\/som-aix\u00ed-1024x559.jpg 1024w, https:\/\/agora.xtec.cat\/ceippladedalt\/wp-content\/uploads\/usu2126\/2021\/03\/som-aix\u00ed.jpg 1295w\" sizes=\"auto, (max-width: 300px) 100vw, 300px\" \/><\/a><\/p>\n<p>Aquest any no podem fer Jornada de Portes Obertes en horari lectiu, per aquesta ra\u00f3, hem preparat un petit v\u00eddeo perqu\u00e8 feu <a href=\"https:\/\/drive.google.com\/file\/d\/1ACtsW_Vyieh6otgyh_vhLl0jWslWWGmx\/view?usp=sharing\" target=\"_blank\" rel=\"noopener noreferrer\" data-saferedirecturl=\"https:\/\/www.google.com\/url?q=https:\/\/drive.google.com\/file\/d\/1ACtsW_Vyieh6otgyh_vhLl0jWslWWGmx\/view?usp%3Dsharing&amp;source=gmail&amp;ust=1615291920337000&amp;usg=AFQjCNFPyuefi8lcKECSSk3sd2Urf2fZfQ\">&#8220;Un cop d&#8217;ull&#8221;<\/a>\u00a0al dia a dia de la nostra escola.<\/p>\n<p>&nbsp;<\/p>\n<p>Esperem que us agradi!<\/p>\n","protected":false},"excerpt":{"rendered":"<p>Us deixem la presentaci\u00f3 &#8220;SOM AIX\u00cd&#8221; que hem presentat a la xerrada informativa de la preinscripci\u00f3 pel curs 2021-2022.<br \/>\nTamb\u00e9 us deixem els seg\u00fcents documents:<br \/>\n<a href=\"https:\/\/agora.xtec.cat\/ceippladedalt\/wp-content\/uploads\/usu2126\/2021\/03\/1.-Documents-preinscripci\u00f3-2021-22.pdf\">1. Documents preinscripci\u00f3 2021-22<\/a><br \/>\n<a href=\"https:\/\/agora.xtec.cat\/ceippladedalt\/wp-content\/uploads\/usu2126\/2021\/03\/Calendari-preinscripci\u00f3-2021-2022-pares.pdf\">2. Calendari preinscripci\u00f3 2021-2022 pares<\/a><br \/>\n<a href=\"https:\/\/agora.xtec.cat\/ceippladedalt\/wp-content\/uploads\/usu2126\/2021\/03\/Criteris-de-prioritat-preinscripci\u00f3-2021-22.pdf\">3. Criteris de prioritat preinscripci\u00f3 2021-22<\/a><br \/>\n<a href=\"https:\/\/drive.google.com\/file\/d\/1e4kzccEmMgxqAprc0zwOsaEp6dayyqa5\/view?usp=sharing\"><\/a><br \/>\nAquest any no podem fer Jornada&hellip;  <a href=\"https:\/\/agora.xtec.cat\/ceippladedalt\/portada\/un-cop-dull-a-lescola\/\" title=\"Read XERRADA INFORMATIVA I V\u00cdDEO &#8220;UN COP D&#8217;ULL&#8221;\">Llegeix m\u00e9s\u00bb<\/a><\/p>\n","protected":false},"author":1,"featured_media":2041,"comment_status":"open","ping_status":"closed","sticky":false,"template":"","format":"standard","meta":{"_bbp_topic_count":0,"_bbp_reply_count":0,"_bbp_total_topic_count":0,"_bbp_total_reply_count":0,"_bbp_voice_count":0,"_bbp_anonymous_reply_count":0,"_bbp_topic_count_hidden":0,"_bbp_reply_count_hidden":0,"_bbp_forum_subforum_count":0,"footnotes":""},"categories":[4],"tags":[],"class_list":["post-2016","post","type-post","status-publish","format-standard","has-post-thumbnail","hentry","category-portada"],"post_mailing_queue_ids":[],"_links":{"self":[{"href":"https:\/\/agora.xtec.cat\/ceippladedalt\/wp-json\/wp\/v2\/posts\/2016","targetHints":{"allow":["GET"]}}],"collection":[{"href":"https:\/\/agora.xtec.cat\/ceippladedalt\/wp-json\/wp\/v2\/posts"}],"about":[{"href":"https:\/\/agora.xtec.cat\/ceippladedalt\/wp-json\/wp\/v2\/types\/post"}],"author":[{"embeddable":true,"href":"https:\/\/agora.xtec.cat\/ceippladedalt\/wp-json\/wp\/v2\/users\/1"}],"replies":[{"embeddable":true,"href":"https:\/\/agora.xtec.cat\/ceippladedalt\/wp-json\/wp\/v2\/comments?post=2016"}],"version-history":[{"count":4,"href":"https:\/\/agora.xtec.cat\/ceippladedalt\/wp-json\/wp\/v2\/posts\/2016\/revisions"}],"predecessor-version":[{"id":2063,"href":"https:\/\/agora.xtec.cat\/ceippladedalt\/wp-json\/wp\/v2\/posts\/2016\/revisions\/2063"}],"wp:featuredmedia":[{"embeddable":true,"href":"https:\/\/agora.xtec.cat\/ceippladedalt\/wp-json\/wp\/v2\/media\/2041"}],"wp:attachment":[{"href":"https:\/\/agora.xtec.cat\/ceippladedalt\/wp-json\/wp\/v2\/media?parent=2016"}],"wp:term":[{"taxonomy":"category","embeddable":true,"href":"https:\/\/agora.xtec.cat\/ceippladedalt\/wp-json\/wp\/v2\/categories?post=2016"},{"taxonomy":"post_tag","embeddable":true,"href":"https:\/\/agora.xtec.cat\/ceippladedalt\/wp-json\/wp\/v2\/tags?post=2016"}],"curies":[{"name":"wp","href":"https:\/\/api.w.org\/{rel}","templated":true}]}}