{"id":1991,"date":"2021-02-25T20:39:01","date_gmt":"2021-02-25T19:39:01","guid":{"rendered":"https:\/\/agora.xtec.cat\/ceippladedalt\/?p=1991"},"modified":"2021-02-25T20:39:01","modified_gmt":"2021-02-25T19:39:01","slug":"nova-pagina-web-de-la-preinscripcio-del-departament-deducacio","status":"publish","type":"post","link":"https:\/\/agora.xtec.cat\/ceippladedalt\/portada\/nova-pagina-web-de-la-preinscripcio-del-departament-deducacio\/","title":{"rendered":"NOVA P\u00c0GINA WEB DE LA PREINSCRIPCI\u00d3 DEL DEPARTAMENT D&#8217;EDUCACI\u00d3"},"content":{"rendered":"<p>S\u2019ha posat en marxa el nou web <a href=\"https:\/\/preinscripcio.gencat.cat\/ca\/inici\/\" target=\"_blank\" rel=\"noopener noreferrer\">preinscripcio.gencat.cat<\/a> que neix de la voluntat d\u2019acompanyar millor les fam\u00edlies durant el proc\u00e9s de preinscripci\u00f3 2021-2022 als ensenyaments obligatoris: <span style=\"text-decoration: underline;\"><a href=\"https:\/\/preinscripcio.gencat.cat\/ca\/estudis\/infantil-3-6\/inici\/\">educaci\u00f3 infantil 2n cicle<\/a><\/span>, <span style=\"text-decoration: underline;\"><a href=\"https:\/\/preinscripcio.gencat.cat\/ca\/estudis\/primaria\/inici\/\">educaci\u00f3 prim\u00e0ria<\/a><\/span> i <span style=\"text-decoration: underline;\"><a href=\"https:\/\/preinscripcio.gencat.cat\/ca\/estudis\/eso\/inici\/\">educaci\u00f3 secund\u00e0ria obligat\u00f2ria<\/a><\/span>.\u00a0 Aquest nou portal tem\u00e0tic permetr\u00e0 donar suport en la tramitaci\u00f3 telem\u00e0tica.<\/p>\n<p><img loading=\"lazy\" decoding=\"async\" class=\"size-medium wp-image-1992 aligncenter\" src=\"https:\/\/agora.xtec.cat\/ceippladedalt\/wp-content\/uploads\/usu2126\/2021\/02\/preinscripcio-300x300.jpeg\" alt=\"\" width=\"300\" height=\"300\" srcset=\"https:\/\/agora.xtec.cat\/ceippladedalt\/wp-content\/uploads\/usu2126\/2021\/02\/preinscripcio-300x300.jpeg 300w, https:\/\/agora.xtec.cat\/ceippladedalt\/wp-content\/uploads\/usu2126\/2021\/02\/preinscripcio-150x150.jpeg 150w, https:\/\/agora.xtec.cat\/ceippladedalt\/wp-content\/uploads\/usu2126\/2021\/02\/preinscripcio-768x768.jpeg 768w, https:\/\/agora.xtec.cat\/ceippladedalt\/wp-content\/uploads\/usu2126\/2021\/02\/preinscripcio-1024x1024.jpeg 1024w, https:\/\/agora.xtec.cat\/ceippladedalt\/wp-content\/uploads\/usu2126\/2021\/02\/preinscripcio.jpeg 1732w\" sizes=\"auto, (max-width: 300px) 100vw, 300px\" \/><\/p>\n<p>El nou web es pot consultar des de qualsevol dispositiu m\u00f2bil, presenta els continguts redactats en un llenguatge planer i inclou un ampli centre de suport per a cadascun dels estudis:<\/p>\n<p>Es poden trobar podcast, v\u00eddeos, un glossari, i un ampli apartat de preguntes m\u00e9s freq\u00fcents on es dona resposta als dubtes habituals a l\u2019hora de formalitzar la preinscripci\u00f3.<\/p>\n<p>A m\u00e9s a m\u00e9s tamb\u00e9 s\u2019ha elaborat aquest <a href=\"https:\/\/youtu.be\/7Jz8gYBFCFM\">v\u00eddeo<\/a> que explica com fer la preinscripci\u00f3 en l\u00ednia (telem\u00e0tica a trav\u00e9s d\u2019internet).<\/p>\n<p>&nbsp;<\/p>\n","protected":false},"excerpt":{"rendered":"<p>S\u2019ha posat en marxa el nou web <a href=\"https:\/\/preinscripcio.gencat.cat\/ca\/inici\/\" target=\"_blank\" rel=\"noopener noreferrer\">preinscripcio.gencat.cat<\/a> que neix de la voluntat d\u2019acompanyar millor les fam\u00edlies durant el proc\u00e9s de preinscripci\u00f3 2021-2022 als ensenyaments obligatoris: <a href=\"https:\/\/preinscripcio.gencat.cat\/ca\/estudis\/infantil-3-6\/inici\/\">educaci\u00f3 infantil 2n cicle<\/a>, <a href=\"https:\/\/preinscripcio.gencat.cat\/ca\/estudis\/primaria\/inici\/\">educaci\u00f3 prim\u00e0ria<\/a> i <a href=\"https:\/\/preinscripcio.gencat.cat\/ca\/estudis\/eso\/inici\/\">educaci\u00f3 secund\u00e0ria obligat\u00f2ria<\/a>.\u00a0 Aquest nou&hellip;  <a href=\"https:\/\/agora.xtec.cat\/ceippladedalt\/portada\/nova-pagina-web-de-la-preinscripcio-del-departament-deducacio\/\" title=\"Read NOVA P\u00c0GINA WEB DE LA PREINSCRIPCI\u00d3 DEL DEPARTAMENT D&#8217;EDUCACI\u00d3\">Llegeix m\u00e9s\u00bb<\/a><\/p>\n","protected":false},"author":1,"featured_media":1992,"comment_status":"open","ping_status":"closed","sticky":false,"template":"","format":"standard","meta":{"_bbp_topic_count":0,"_bbp_reply_count":0,"_bbp_total_topic_count":0,"_bbp_total_reply_count":0,"_bbp_voice_count":0,"_bbp_anonymous_reply_count":0,"_bbp_topic_count_hidden":0,"_bbp_reply_count_hidden":0,"_bbp_forum_subforum_count":0,"footnotes":""},"categories":[4],"tags":[],"class_list":["post-1991","post","type-post","status-publish","format-standard","has-post-thumbnail","hentry","category-portada"],"post_mailing_queue_ids":[],"_links":{"self":[{"href":"https:\/\/agora.xtec.cat\/ceippladedalt\/wp-json\/wp\/v2\/posts\/1991","targetHints":{"allow":["GET"]}}],"collection":[{"href":"https:\/\/agora.xtec.cat\/ceippladedalt\/wp-json\/wp\/v2\/posts"}],"about":[{"href":"https:\/\/agora.xtec.cat\/ceippladedalt\/wp-json\/wp\/v2\/types\/post"}],"author":[{"embeddable":true,"href":"https:\/\/agora.xtec.cat\/ceippladedalt\/wp-json\/wp\/v2\/users\/1"}],"replies":[{"embeddable":true,"href":"https:\/\/agora.xtec.cat\/ceippladedalt\/wp-json\/wp\/v2\/comments?post=1991"}],"version-history":[{"count":1,"href":"https:\/\/agora.xtec.cat\/ceippladedalt\/wp-json\/wp\/v2\/posts\/1991\/revisions"}],"predecessor-version":[{"id":1993,"href":"https:\/\/agora.xtec.cat\/ceippladedalt\/wp-json\/wp\/v2\/posts\/1991\/revisions\/1993"}],"wp:featuredmedia":[{"embeddable":true,"href":"https:\/\/agora.xtec.cat\/ceippladedalt\/wp-json\/wp\/v2\/media\/1992"}],"wp:attachment":[{"href":"https:\/\/agora.xtec.cat\/ceippladedalt\/wp-json\/wp\/v2\/media?parent=1991"}],"wp:term":[{"taxonomy":"category","embeddable":true,"href":"https:\/\/agora.xtec.cat\/ceippladedalt\/wp-json\/wp\/v2\/categories?post=1991"},{"taxonomy":"post_tag","embeddable":true,"href":"https:\/\/agora.xtec.cat\/ceippladedalt\/wp-json\/wp\/v2\/tags?post=1991"}],"curies":[{"name":"wp","href":"https:\/\/api.w.org\/{rel}","templated":true}]}}