{"id":19702,"date":"2023-06-26T09:40:43","date_gmt":"2023-06-26T07:40:43","guid":{"rendered":"https:\/\/agora.xtec.cat\/ceippladedalt\/?p=19702"},"modified":"2023-06-26T09:42:20","modified_gmt":"2023-06-26T07:42:20","slug":"preinscripcio-i-matriculacio-23-24","status":"publish","type":"post","link":"https:\/\/agora.xtec.cat\/ceippladedalt\/portada\/preinscripcio-i-matriculacio-23-24\/","title":{"rendered":"PREINSCRIPCI\u00d3 I MATRICULACI\u00d3 23\/24"},"content":{"rendered":"<h3 style=\"text-align: center;\"><span style=\"color: #5e23a6;\"><strong>CALENDARI DE PREINSCRIPCI\u00d3 I MATRICULACI\u00d3 2023-2024<\/strong><\/span><\/h3>\n<p style=\"text-align: center;\"><span style=\"color: #5e23a6;\"><strong>RESOLUCI\u00d3 EDU\/507\/2023, de 16 de febrer<\/strong><\/span><\/p>\n<p style=\"text-align: center;\"><span style=\"color: #5e23a6;\"><strong>Educaci\u00f3 infantil i prim\u00e0ria<\/strong><\/span><\/p>\n<table style=\"border-collapse: collapse; width: 100%; height: 384px;\">\n<tbody>\n<tr style=\"height: 32px;\">\n<td style=\"width: 50%; height: 32px;\"><a href=\"https:\/\/drive.google.com\/file\/d\/18F3t9ibUgWg_277uq0MwKGua6pglBcXr\/view?usp=share_link\">Publicaci\u00f3 de l&#8217;oferta inicial<\/a><\/td>\n<td style=\"width: 50%; height: 32px;\">3 de mar\u00e7<\/td>\n<\/tr>\n<tr style=\"height: 32px;\">\n<td style=\"width: 50%; height: 32px;\">Presentaci\u00f3 i\/o modificaci\u00f3 de sol\u00b7licituds 2n cicle Educaci\u00f3 Infantil i Prim\u00e0ria<\/td>\n<td style=\"width: 50%; height: 32px;\">Del 6 al 20 de mar\u00e7<\/td>\n<\/tr>\n<tr style=\"height: 32px;\">\n<td style=\"width: 50%; height: 32px;\">Presentaci\u00f3 de documentaci\u00f3<\/td>\n<td style=\"width: 50%; height: 32px;\">21 i 22 de mar\u00e7<\/td>\n<\/tr>\n<tr style=\"height: 32px;\">\n<td style=\"width: 50%; height: 32px;\">Publicaci\u00f3 de la llista de sol\u00b7licituds amb la <strong><span style=\"text-decoration: underline;\"><a href=\"https:\/\/drive.google.com\/file\/d\/18ZP6yhBmLfdQJn39ZooD17P1G6tPeLkX\/view?usp=drivesdk\">puntuaci\u00f3 provisional<\/a><\/span><\/strong><\/td>\n<td style=\"width: 50%; height: 32px;\">21 d&#8217;abril<\/td>\n<\/tr>\n<tr style=\"height: 32px;\">\n<td style=\"width: 50%; height: 32px;\">Presentaci\u00f3 de <a href=\"https:\/\/preinscripcio.gencat.cat\/ca\/estudis\/infantil-3-6\/preinscriute\/seguiment-sollicitud\/llista-sollicituds-puntuacio\/\">reclamacions<\/a> a la llista amb la puntuaci\u00f3 provisional<\/td>\n<td style=\"width: 50%; height: 32px;\">Del 21 al 27 d&#8217;abril<\/td>\n<\/tr>\n<tr style=\"height: 32px;\">\n<td style=\"width: 50%; height: 32px;\">Gesti\u00f3 de reclamacions<\/td>\n<td style=\"width: 50%; height: 32px;\">Del 21 al 28 d&#8217;abril<\/td>\n<\/tr>\n<tr style=\"height: 32px;\">\n<td style=\"width: 50%; height: 32px;\">Publicaci\u00f3 de la <a href=\"https:\/\/drive.google.com\/file\/d\/1Lb4q88-omUxJJUoFXtSMO0I8f2LDXCSI\/view?usp=share_link\"><span style=\"text-decoration: underline;\"><strong>llista amb la puntuaci\u00f3<\/strong><\/span><\/a>, resoltes de les reclamacions<\/td>\n<td style=\"width: 50%; height: 32px;\">3 maig<\/td>\n<\/tr>\n<tr style=\"height: 32px;\">\n<td style=\"width: 50%; height: 32px;\">Sorteig. <span style=\"text-decoration: underline;\"><strong>N\u00famero desempat 66646<\/strong><\/span><\/td>\n<td style=\"width: 50%; height: 32px;\">9 maig<\/td>\n<\/tr>\n<tr style=\"height: 32px;\">\n<td style=\"width: 50%; height: 32px;\">Publicaci\u00f3 de la <a href=\"https:\/\/drive.google.com\/file\/d\/1hAt9sYP7Y5CyyV0sAezq3_G4qhXuAHy8\/view?usp=share_link\"><span style=\"text-decoration: underline;\"><strong>llista ordenada<\/strong><\/span><\/a><\/td>\n<td style=\"width: 50%; height: 32px;\">11 maig<\/td>\n<\/tr>\n<tr style=\"height: 32px;\">\n<td style=\"width: 50%; height: 32px;\">Publicaci\u00f3 de l&#8217;<a href=\"https:\/\/drive.google.com\/file\/d\/1KwqyjYBShJun_ydCRr3gWOwsnpKnWV5v\/view?usp=sharing\"><span style=\"text-decoration: underline;\"><strong>oferta final<\/strong><\/span><\/a><\/td>\n<td style=\"width: 50%; height: 32px;\">9 juny<\/td>\n<\/tr>\n<tr style=\"height: 32px;\">\n<td style=\"width: 50%; height: 32px;\">Publicaci\u00f3 de la <a href=\"https:\/\/drive.google.com\/file\/d\/1TbNidtruHyc_EIqjbGpv0z37wr9dAxdv\/view?usp=sharing\"><span style=\"text-decoration: underline;\"><strong>llista de preinscrits<\/strong><\/span><\/a>, la<a href=\"https:\/\/drive.google.com\/file\/d\/1mUV0_JrfgRHeQHpTweMASqr91B634nK2\/view?usp=sharing\"><span style=\"text-decoration: underline;\"><strong> llista d&#8217;admesos<\/strong><\/span><\/a> i la <span style=\"text-decoration: underline;\"><strong><a href=\"https:\/\/drive.google.com\/file\/d\/1EiBr4OJsDUGeEYLX2Yw4JU84Fy3jXdgR\/view?usp=sharing\">llista d&#8217;espera<\/a><\/strong><\/span><\/td>\n<td style=\"width: 50%; height: 32px;\">12 juny<\/td>\n<\/tr>\n<tr style=\"height: 32px;\">\n<td style=\"width: 50%; height: 32px;\">Per\u00edode de matriculaci\u00f3<\/td>\n<td style=\"width: 50%; height: 32px;\">Del 20 al 28 de juny<\/td>\n<\/tr>\n<\/tbody>\n<\/table>\n<p style=\"text-align: center;\"><strong>Per\u00edode de reclamaci\u00f3 de l&#8217;assignaci\u00f3 de la preinscripci\u00f3 del 13 al 15 de juny<\/strong> a les oficines de\u00a0 <a href=\"https:\/\/ime.olot.cat\/serveis\/oficina-municipal-descolaritzacio-ome\/preinscripcio-i-matricula\/preinscripcio-educacio-primaria\/\">l&#8217;OME <\/a>(<a href=\"https:\/\/drive.google.com\/file\/d\/1dQ0miaziXnefYT8QFAnKkAkvqtTTHpC1\/view?usp=sharing\">model<\/a>)<\/p>\n<p style=\"text-align: center;\"><a href=\"https:\/\/drive.google.com\/file\/d\/1tL-osGvBHLQ-pEECpNC_Q-oMVOG7zPwf\/view?usp=sharing\">Procediment de reclamaci\u00f3<\/a><\/p>\n","protected":false},"excerpt":{"rendered":"<p>CALENDARI DE PREINSCRIPCI\u00d3 I MATRICULACI\u00d3 2023-2024<br \/>\nRESOLUCI\u00d3 EDU\/507\/2023, de 16 de febrer<br \/>\nEducaci\u00f3 infantil i prim\u00e0ria<\/p>\n<p><a href=\"https:\/\/drive.google.com\/file\/d\/18F3t9ibUgWg_277uq0MwKGua6pglBcXr\/view?usp=share_link\">Publicaci\u00f3 de l&#8217;oferta inicial<\/a><br \/>\n3 de mar\u00e7<\/p>\n<p>Presentaci\u00f3 i\/o modificaci\u00f3 de sol\u00b7licituds 2n cicle Educaci\u00f3 Infantil i Prim\u00e0ria<br \/>\nDel 6 al 20 de mar\u00e7<\/p>\n<p>Presentaci\u00f3 de documentaci\u00f3<br \/>\n21 i 22 de mar\u00e7<\/p>\n<p>Publicaci\u00f3 de la llista de&hellip;  <a href=\"https:\/\/agora.xtec.cat\/ceippladedalt\/portada\/preinscripcio-i-matriculacio-23-24\/\" title=\"Read PREINSCRIPCI\u00d3 I MATRICULACI\u00d3 23\/24\">Llegeix m\u00e9s\u00bb<\/a><\/p>\n","protected":false},"author":1,"featured_media":19291,"comment_status":"open","ping_status":"closed","sticky":false,"template":"","format":"standard","meta":{"_bbp_topic_count":0,"_bbp_reply_count":0,"_bbp_total_topic_count":0,"_bbp_total_reply_count":0,"_bbp_voice_count":0,"_bbp_anonymous_reply_count":0,"_bbp_topic_count_hidden":0,"_bbp_reply_count_hidden":0,"_bbp_forum_subforum_count":0,"footnotes":""},"categories":[4],"tags":[],"class_list":["post-19702","post","type-post","status-publish","format-standard","has-post-thumbnail","hentry","category-portada"],"post_mailing_queue_ids":[],"_links":{"self":[{"href":"https:\/\/agora.xtec.cat\/ceippladedalt\/wp-json\/wp\/v2\/posts\/19702","targetHints":{"allow":["GET"]}}],"collection":[{"href":"https:\/\/agora.xtec.cat\/ceippladedalt\/wp-json\/wp\/v2\/posts"}],"about":[{"href":"https:\/\/agora.xtec.cat\/ceippladedalt\/wp-json\/wp\/v2\/types\/post"}],"author":[{"embeddable":true,"href":"https:\/\/agora.xtec.cat\/ceippladedalt\/wp-json\/wp\/v2\/users\/1"}],"replies":[{"embeddable":true,"href":"https:\/\/agora.xtec.cat\/ceippladedalt\/wp-json\/wp\/v2\/comments?post=19702"}],"version-history":[{"count":1,"href":"https:\/\/agora.xtec.cat\/ceippladedalt\/wp-json\/wp\/v2\/posts\/19702\/revisions"}],"predecessor-version":[{"id":19703,"href":"https:\/\/agora.xtec.cat\/ceippladedalt\/wp-json\/wp\/v2\/posts\/19702\/revisions\/19703"}],"wp:featuredmedia":[{"embeddable":true,"href":"https:\/\/agora.xtec.cat\/ceippladedalt\/wp-json\/wp\/v2\/media\/19291"}],"wp:attachment":[{"href":"https:\/\/agora.xtec.cat\/ceippladedalt\/wp-json\/wp\/v2\/media?parent=19702"}],"wp:term":[{"taxonomy":"category","embeddable":true,"href":"https:\/\/agora.xtec.cat\/ceippladedalt\/wp-json\/wp\/v2\/categories?post=19702"},{"taxonomy":"post_tag","embeddable":true,"href":"https:\/\/agora.xtec.cat\/ceippladedalt\/wp-json\/wp\/v2\/tags?post=19702"}],"curies":[{"name":"wp","href":"https:\/\/api.w.org\/{rel}","templated":true}]}}