{"id":19652,"date":"2023-09-15T09:29:47","date_gmt":"2023-09-15T07:29:47","guid":{"rendered":"https:\/\/agora.xtec.cat\/ceippladedalt\/?p=19652"},"modified":"2023-09-18T13:23:01","modified_gmt":"2023-09-18T11:23:01","slug":"tallers-per-a-families","status":"publish","type":"post","link":"https:\/\/agora.xtec.cat\/ceippladedalt\/portada\/tallers-per-a-families\/","title":{"rendered":"TALLERS PER A FAM\u00cdLIES"},"content":{"rendered":"<p style=\"font-weight: 400;\">Des del <strong>S<\/strong>ervei d\u2019<strong>O<\/strong>rientaci\u00f3 i\u00a0<strong>A<\/strong>companyament a les\u00a0<strong>F<\/strong>am\u00edlies (SOAF) de l&#8217;Ajuntament d&#8217;Olot organitzen uns <span style=\"text-decoration: underline;\">tallers per a fam\u00edlies<\/span>.<\/p>\n<p style=\"font-weight: 400;\">Tots els tallers s\u00f3n gratu\u00efts per\u00f2 cal inscripci\u00f3 al <strong>659 144 610<\/strong> (trucant o a trav\u00e9s de Whatsapp). Les places s\u00f3n limitades.<\/p>\n<p style=\"font-weight: 400;\"><strong><u>Tallers per a fam\u00edlies amb infants de 0 a 12 anys<img loading=\"lazy\" decoding=\"async\" class=\"alignright size-medium wp-image-19654\" src=\"https:\/\/agora.xtec.cat\/ceippladedalt\/wp-content\/uploads\/usu2126\/2023\/06\/Soaf-logo-300x222.jpg\" alt=\"\" width=\"300\" height=\"222\" srcset=\"https:\/\/agora.xtec.cat\/ceippladedalt\/wp-content\/uploads\/usu2126\/2023\/06\/Soaf-logo-300x222.jpg 300w, https:\/\/agora.xtec.cat\/ceippladedalt\/wp-content\/uploads\/usu2126\/2023\/06\/Soaf-logo-1024x757.jpg 1024w, https:\/\/agora.xtec.cat\/ceippladedalt\/wp-content\/uploads\/usu2126\/2023\/06\/Soaf-logo-768x568.jpg 768w, https:\/\/agora.xtec.cat\/ceippladedalt\/wp-content\/uploads\/usu2126\/2023\/06\/Soaf-logo.jpg 1039w\" sizes=\"auto, (max-width: 300px) 100vw, 300px\" \/><\/u><\/strong><\/p>\n<p style=\"font-weight: 400;\"><span style=\"color: #ff00ff;\"><strong>L\u2019acompanyament emocional als nostres fills i filles<\/strong><strong><br \/>\nGesti\u00f3 de conflictes<\/strong><\/span><br \/>\nDijous 6 de juliol, de 10 a 12 h<br \/>\nEspai Fam\u00edlies (carrer de les Estires, 5, Olot)<\/p>\n<p style=\"font-weight: 400;\"><span style=\"color: #ff00ff;\"><strong>De qu\u00e8 parlem quan parlem de l\u00edmits?<\/strong><strong><br \/>\n<\/strong><strong>L\u2019art de dir no<\/strong><\/span><br \/>\nDijous 13 de juliol, de 18 a 20 h<br \/>\nEspai Fam\u00edlies (carrer de les Estires, 5, Olot)<\/p>\n<p style=\"font-weight: 400;\"><strong><u>Tallers per a\u00a0fam\u00edlies amb fills de 12 a 18 anys<\/u><\/strong><\/p>\n<p style=\"font-weight: 400;\"><span style=\"color: #993366;\"><strong>Qu\u00e8 li est\u00e0 passant al meu fill o filla adolescent?<\/strong><strong><br \/>\nUna aproximaci\u00f3 als canvis a l\u2019adolesc\u00e8ncia que ens permetr\u00e0 entendre m\u00e9s els nostres fills i filles i poder-los acompanyar.<\/strong><\/span><br \/>\nDijous 6 de juliol, de 18.30 a 20.30 h<br \/>\nEspai Fam\u00edlies (carrer de les Estires, 5, Olot)<\/p>\n<p style=\"font-weight: 400;\"><span style=\"color: #993366;\"><strong>Com comunicar-nos amb els nostres adolescents?<\/strong><\/span><strong><br \/>\n<span style=\"color: #993366;\">A l\u2019adolesc\u00e8ncia les regles del joc en la comunicaci\u00f3 canvien. Eines i recursos clau per poder comunicar-nos amb m\u00e9s facilitat.<\/span><br \/>\n<\/strong>Dijous 20 de juliol, de 18.30 a 20.30 h<br \/>\nEspai Fam\u00edlies (carrer de les Estires, 5, Olot)<\/p>\n<p style=\"font-weight: 400;\">Us adjuntem el <span style=\"text-decoration: underline;\"><strong><span style=\"color: #ff00ff; text-decoration: underline;\">fullet\u00f3 <a href=\"https:\/\/agora.xtec.cat\/ceippladedalt\/wp-content\/uploads\/usu2126\/2023\/06\/Tallers-per-a-families-2023-SOAF.pdf\">Tallers per a fam\u00edlies 2023 SOAF<\/a><\/span><\/strong><\/span>. M\u00e9s informaci\u00f3 a <a href=\"https:\/\/ime.olot.cat\/soaf\/\" data-saferedirecturl=\"https:\/\/www.google.com\/url?q=https:\/\/ime.olot.cat\/soaf\/&amp;source=gmail&amp;ust=1686899154653000&amp;usg=AOvVaw24LUTu_tI8tG3OJ_NO8rm9\">https:\/\/ime.olot.cat\/soaf\/<\/a><\/p>\n","protected":false},"excerpt":{"rendered":"<p>Des del Servei d\u2019Orientaci\u00f3 i\u00a0Acompanyament a les\u00a0Fam\u00edlies (SOAF) de l&#8217;Ajuntament d&#8217;Olot organitzen uns tallers per a fam\u00edlies.<br \/>\nTots els tallers s\u00f3n gratu\u00efts per\u00f2 cal inscripci\u00f3 al 659 144 610 (trucant o a trav\u00e9s de Whatsapp). Les places s\u00f3n limitades.<br \/>\nTallers per a fam\u00edlies amb infants de 0&hellip;  <a href=\"https:\/\/agora.xtec.cat\/ceippladedalt\/portada\/tallers-per-a-families\/\" title=\"Read TALLERS PER A FAM\u00cdLIES\">Llegeix m\u00e9s\u00bb<\/a><\/p>\n","protected":false},"author":1,"featured_media":19654,"comment_status":"closed","ping_status":"closed","sticky":false,"template":"","format":"standard","meta":{"_bbp_topic_count":0,"_bbp_reply_count":0,"_bbp_total_topic_count":0,"_bbp_total_reply_count":0,"_bbp_voice_count":0,"_bbp_anonymous_reply_count":0,"_bbp_topic_count_hidden":0,"_bbp_reply_count_hidden":0,"_bbp_forum_subforum_count":0,"footnotes":""},"categories":[4],"tags":[],"class_list":["post-19652","post","type-post","status-publish","format-standard","has-post-thumbnail","hentry","category-portada"],"post_mailing_queue_ids":[],"_links":{"self":[{"href":"https:\/\/agora.xtec.cat\/ceippladedalt\/wp-json\/wp\/v2\/posts\/19652","targetHints":{"allow":["GET"]}}],"collection":[{"href":"https:\/\/agora.xtec.cat\/ceippladedalt\/wp-json\/wp\/v2\/posts"}],"about":[{"href":"https:\/\/agora.xtec.cat\/ceippladedalt\/wp-json\/wp\/v2\/types\/post"}],"author":[{"embeddable":true,"href":"https:\/\/agora.xtec.cat\/ceippladedalt\/wp-json\/wp\/v2\/users\/1"}],"replies":[{"embeddable":true,"href":"https:\/\/agora.xtec.cat\/ceippladedalt\/wp-json\/wp\/v2\/comments?post=19652"}],"version-history":[{"count":2,"href":"https:\/\/agora.xtec.cat\/ceippladedalt\/wp-json\/wp\/v2\/posts\/19652\/revisions"}],"predecessor-version":[{"id":19656,"href":"https:\/\/agora.xtec.cat\/ceippladedalt\/wp-json\/wp\/v2\/posts\/19652\/revisions\/19656"}],"wp:featuredmedia":[{"embeddable":true,"href":"https:\/\/agora.xtec.cat\/ceippladedalt\/wp-json\/wp\/v2\/media\/19654"}],"wp:attachment":[{"href":"https:\/\/agora.xtec.cat\/ceippladedalt\/wp-json\/wp\/v2\/media?parent=19652"}],"wp:term":[{"taxonomy":"category","embeddable":true,"href":"https:\/\/agora.xtec.cat\/ceippladedalt\/wp-json\/wp\/v2\/categories?post=19652"},{"taxonomy":"post_tag","embeddable":true,"href":"https:\/\/agora.xtec.cat\/ceippladedalt\/wp-json\/wp\/v2\/tags?post=19652"}],"curies":[{"name":"wp","href":"https:\/\/api.w.org\/{rel}","templated":true}]}}