{"id":19517,"date":"2023-04-28T20:28:29","date_gmt":"2023-04-28T18:28:29","guid":{"rendered":"https:\/\/agora.xtec.cat\/ceippladedalt\/?p=19517"},"modified":"2023-04-29T09:34:57","modified_gmt":"2023-04-29T07:34:57","slug":"mural-del-pati-2a-i-3a-fase","status":"publish","type":"post","link":"https:\/\/agora.xtec.cat\/ceippladedalt\/portada\/mural-del-pati-2a-i-3a-fase\/","title":{"rendered":"MURAL DEL PATI. 2A I 3A FASE"},"content":{"rendered":"<p style=\"text-align: center;\"><span style=\"color: #000000;\">Els nens i nenes de l&#8217;escola han viscut l&#8217;experi\u00e8ncia de <em>fer d&#8217;artistes<\/em> col\u00b7laborant amb els<em> joves artistes<\/em> de l&#8217;Escola d&#8217;Art.\u00a0<\/span><\/p>\n<p style=\"text-align: center;\">S&#8217;ho han passat d&#8217;all\u00f2 m\u00e9s b\u00e9!!!<\/p>\n<p><strong><span style=\"color: #800080;\"> 2A FASE:<\/span><\/strong> Durant el segon trimestre l&#8217;Escola d&#8217;Art va <strong>preparar els continguts i la proposta<\/strong> amb els 400 dibuixos de la Far\u00e0ndula que van elaborar els alumnes de l&#8217;escola. Es van inspirar en l&#8217;artista Keith Haring, en laberints, jocs, passatemps i en els llibres de &#8220;Busca a Wally&#8221;. El disseny que es va proposar va ser fer un <span style=\"text-decoration: underline;\">estampat aleatori<\/span> de personatges i objectes a les dues parets llargues; fer una <span style=\"text-decoration: underline;\">pissarra en forma de drac<\/span> al rac\u00f3, perqu\u00e8 els nens i nenes puguin guixar i finalment, dibuixar unes <span style=\"text-decoration: underline;\">lupes gegants<\/span> al costat de drac gran amb personatges de cares a qu\u00e8\u00a0 puguin trobar-los en el mural.<\/p>\n<p><img loading=\"lazy\" decoding=\"async\" class=\"alignright size-medium wp-image-19522\" src=\"https:\/\/agora.xtec.cat\/ceippladedalt\/wp-content\/uploads\/usu2126\/2023\/04\/haring-1-225x300.jpg\" alt=\"\" width=\"225\" height=\"300\" srcset=\"https:\/\/agora.xtec.cat\/ceippladedalt\/wp-content\/uploads\/usu2126\/2023\/04\/haring-1-225x300.jpg 225w, https:\/\/agora.xtec.cat\/ceippladedalt\/wp-content\/uploads\/usu2126\/2023\/04\/haring-1.jpg 447w\" sizes=\"auto, (max-width: 225px) 100vw, 225px\" \/><img loading=\"lazy\" decoding=\"async\" class=\"alignright size-medium wp-image-19519\" src=\"https:\/\/agora.xtec.cat\/ceippladedalt\/wp-content\/uploads\/usu2126\/2023\/04\/haring1-300x214.jpg\" alt=\"\" width=\"300\" height=\"214\" srcset=\"https:\/\/agora.xtec.cat\/ceippladedalt\/wp-content\/uploads\/usu2126\/2023\/04\/haring1-300x214.jpg 300w, https:\/\/agora.xtec.cat\/ceippladedalt\/wp-content\/uploads\/usu2126\/2023\/04\/haring1-768x549.jpg 768w, https:\/\/agora.xtec.cat\/ceippladedalt\/wp-content\/uploads\/usu2126\/2023\/04\/haring1.jpg 1024w\" sizes=\"auto, (max-width: 300px) 100vw, 300px\" \/><img loading=\"lazy\" decoding=\"async\" class=\"alignright  wp-image-19520\" src=\"https:\/\/agora.xtec.cat\/ceippladedalt\/wp-content\/uploads\/usu2126\/2023\/04\/wally-300x169.jpg\" alt=\"\" width=\"316\" height=\"178\" srcset=\"https:\/\/agora.xtec.cat\/ceippladedalt\/wp-content\/uploads\/usu2126\/2023\/04\/wally-300x169.jpg 300w, https:\/\/agora.xtec.cat\/ceippladedalt\/wp-content\/uploads\/usu2126\/2023\/04\/wally-1024x576.jpg 1024w, https:\/\/agora.xtec.cat\/ceippladedalt\/wp-content\/uploads\/usu2126\/2023\/04\/wally-768x432.jpg 768w, https:\/\/agora.xtec.cat\/ceippladedalt\/wp-content\/uploads\/usu2126\/2023\/04\/wally.jpg 1200w\" sizes=\"auto, (max-width: 316px) 100vw, 316px\" \/><img loading=\"lazy\" decoding=\"async\" class=\"alignright  wp-image-19521\" src=\"https:\/\/agora.xtec.cat\/ceippladedalt\/wp-content\/uploads\/usu2126\/2023\/04\/laberint.jpg\" alt=\"\" width=\"200\" height=\"274\" \/><\/p>\n<p><strong><span style=\"color: #800080;\">3A FASE:<\/span><\/strong> I finalment, aquesta setmana <strong>tots els alumnes de l&#8217;escola d&#8217;I3 fins a 6\u00e8 han pintat el mural conjuntament amb els alumnes del cicle de Revestiments de l&#8217;Escola d&#8217;Art<\/strong> i els professors i professores que els acompanyaven.<\/p>\n<p><span style=\"color: #ff0000;\"><strong>Un gran treball!! Enhorabona!!<\/strong><\/span><\/p>\n<p>Aquest mural forma part del <strong><span style=\"text-decoration: underline;\">Projecte Pati<\/span> i s&#8217;ha realitzat gr\u00e0cies a la col\u00b7laboraci\u00f3 entre l&#8217;Escola Pla de Dalt, l&#8217;AFA i l&#8217;Escola de Belles Arts i Disseny Superior d\u2019Olot.<\/strong><\/p>\n<p><strong><span style=\"color: #ff0000;\">Moltes gr\u00e0cies a tothom per fer-ho possible!!<\/span><\/strong><\/p>\n<p><img loading=\"lazy\" decoding=\"async\" class=\"aligncenter wp-image-19524 size-large\" src=\"https:\/\/agora.xtec.cat\/ceippladedalt\/wp-content\/uploads\/usu2126\/2023\/04\/Mural-0-1024x1024.jpeg\" alt=\"\" width=\"1024\" height=\"1024\" srcset=\"https:\/\/agora.xtec.cat\/ceippladedalt\/wp-content\/uploads\/usu2126\/2023\/04\/Mural-0-1024x1024.jpeg 1024w, https:\/\/agora.xtec.cat\/ceippladedalt\/wp-content\/uploads\/usu2126\/2023\/04\/Mural-0-300x300.jpeg 300w, https:\/\/agora.xtec.cat\/ceippladedalt\/wp-content\/uploads\/usu2126\/2023\/04\/Mural-0-150x150.jpeg 150w, https:\/\/agora.xtec.cat\/ceippladedalt\/wp-content\/uploads\/usu2126\/2023\/04\/Mural-0-768x768.jpeg 768w, https:\/\/agora.xtec.cat\/ceippladedalt\/wp-content\/uploads\/usu2126\/2023\/04\/Mural-0-1536x1536.jpeg 1536w, https:\/\/agora.xtec.cat\/ceippladedalt\/wp-content\/uploads\/usu2126\/2023\/04\/Mural-0.jpeg 1732w\" sizes=\"auto, (max-width: 1024px) 100vw, 1024px\" \/><\/p>\n<p><img loading=\"lazy\" decoding=\"async\" class=\"aligncenter wp-image-19525 size-large\" src=\"https:\/\/agora.xtec.cat\/ceippladedalt\/wp-content\/uploads\/usu2126\/2023\/04\/Mural-1-1024x1024.jpeg\" alt=\"\" width=\"1024\" height=\"1024\" srcset=\"https:\/\/agora.xtec.cat\/ceippladedalt\/wp-content\/uploads\/usu2126\/2023\/04\/Mural-1-1024x1024.jpeg 1024w, https:\/\/agora.xtec.cat\/ceippladedalt\/wp-content\/uploads\/usu2126\/2023\/04\/Mural-1-300x300.jpeg 300w, https:\/\/agora.xtec.cat\/ceippladedalt\/wp-content\/uploads\/usu2126\/2023\/04\/Mural-1-150x150.jpeg 150w, https:\/\/agora.xtec.cat\/ceippladedalt\/wp-content\/uploads\/usu2126\/2023\/04\/Mural-1-768x768.jpeg 768w, https:\/\/agora.xtec.cat\/ceippladedalt\/wp-content\/uploads\/usu2126\/2023\/04\/Mural-1-1536x1536.jpeg 1536w, https:\/\/agora.xtec.cat\/ceippladedalt\/wp-content\/uploads\/usu2126\/2023\/04\/Mural-1.jpeg 1732w\" sizes=\"auto, (max-width: 1024px) 100vw, 1024px\" \/><\/p>\n<p><img loading=\"lazy\" decoding=\"async\" class=\"wp-image-19526 size-large aligncenter\" src=\"https:\/\/agora.xtec.cat\/ceippladedalt\/wp-content\/uploads\/usu2126\/2023\/04\/Mural-2-1024x1024.jpeg\" alt=\"\" width=\"1024\" height=\"1024\" srcset=\"https:\/\/agora.xtec.cat\/ceippladedalt\/wp-content\/uploads\/usu2126\/2023\/04\/Mural-2-1024x1024.jpeg 1024w, https:\/\/agora.xtec.cat\/ceippladedalt\/wp-content\/uploads\/usu2126\/2023\/04\/Mural-2-300x300.jpeg 300w, https:\/\/agora.xtec.cat\/ceippladedalt\/wp-content\/uploads\/usu2126\/2023\/04\/Mural-2-150x150.jpeg 150w, https:\/\/agora.xtec.cat\/ceippladedalt\/wp-content\/uploads\/usu2126\/2023\/04\/Mural-2-768x768.jpeg 768w, https:\/\/agora.xtec.cat\/ceippladedalt\/wp-content\/uploads\/usu2126\/2023\/04\/Mural-2-1536x1536.jpeg 1536w, https:\/\/agora.xtec.cat\/ceippladedalt\/wp-content\/uploads\/usu2126\/2023\/04\/Mural-2.jpeg 1732w\" sizes=\"auto, (max-width: 1024px) 100vw, 1024px\" \/><\/p>\n<p><img loading=\"lazy\" decoding=\"async\" class=\"aligncenter wp-image-19527 size-large\" src=\"https:\/\/agora.xtec.cat\/ceippladedalt\/wp-content\/uploads\/usu2126\/2023\/04\/Mural-3-1024x1024.jpeg\" alt=\"\" width=\"1024\" height=\"1024\" srcset=\"https:\/\/agora.xtec.cat\/ceippladedalt\/wp-content\/uploads\/usu2126\/2023\/04\/Mural-3-1024x1024.jpeg 1024w, https:\/\/agora.xtec.cat\/ceippladedalt\/wp-content\/uploads\/usu2126\/2023\/04\/Mural-3-300x300.jpeg 300w, https:\/\/agora.xtec.cat\/ceippladedalt\/wp-content\/uploads\/usu2126\/2023\/04\/Mural-3-150x150.jpeg 150w, https:\/\/agora.xtec.cat\/ceippladedalt\/wp-content\/uploads\/usu2126\/2023\/04\/Mural-3-768x768.jpeg 768w, https:\/\/agora.xtec.cat\/ceippladedalt\/wp-content\/uploads\/usu2126\/2023\/04\/Mural-3-1536x1536.jpeg 1536w, https:\/\/agora.xtec.cat\/ceippladedalt\/wp-content\/uploads\/usu2126\/2023\/04\/Mural-3.jpeg 1732w\" sizes=\"auto, (max-width: 1024px) 100vw, 1024px\" \/><\/p>\n<p>&nbsp;<\/p>\n","protected":false},"excerpt":{"rendered":"<p>Els nens i nenes de l&#8217;escola han viscut l&#8217;experi\u00e8ncia de fer d&#8217;artistes col\u00b7laborant amb els joves artistes de l&#8217;Escola d&#8217;Art.\u00a0<br \/>\nS&#8217;ho han passat d&#8217;all\u00f2 m\u00e9s b\u00e9!!!<br \/>\n 2A FASE: Durant el segon trimestre l&#8217;Escola d&#8217;Art va preparar els continguts i la proposta amb els 400 dibuixos de&hellip;  <a href=\"https:\/\/agora.xtec.cat\/ceippladedalt\/portada\/mural-del-pati-2a-i-3a-fase\/\" title=\"Read MURAL DEL PATI. 2A I 3A FASE\">Llegeix m\u00e9s\u00bb<\/a><\/p>\n","protected":false},"author":1,"featured_media":19523,"comment_status":"open","ping_status":"closed","sticky":false,"template":"","format":"standard","meta":{"_bbp_topic_count":0,"_bbp_reply_count":0,"_bbp_total_topic_count":0,"_bbp_total_reply_count":0,"_bbp_voice_count":0,"_bbp_anonymous_reply_count":0,"_bbp_topic_count_hidden":0,"_bbp_reply_count_hidden":0,"_bbp_forum_subforum_count":0,"footnotes":""},"categories":[4],"tags":[],"class_list":["post-19517","post","type-post","status-publish","format-standard","has-post-thumbnail","hentry","category-portada"],"post_mailing_queue_ids":[],"_links":{"self":[{"href":"https:\/\/agora.xtec.cat\/ceippladedalt\/wp-json\/wp\/v2\/posts\/19517","targetHints":{"allow":["GET"]}}],"collection":[{"href":"https:\/\/agora.xtec.cat\/ceippladedalt\/wp-json\/wp\/v2\/posts"}],"about":[{"href":"https:\/\/agora.xtec.cat\/ceippladedalt\/wp-json\/wp\/v2\/types\/post"}],"author":[{"embeddable":true,"href":"https:\/\/agora.xtec.cat\/ceippladedalt\/wp-json\/wp\/v2\/users\/1"}],"replies":[{"embeddable":true,"href":"https:\/\/agora.xtec.cat\/ceippladedalt\/wp-json\/wp\/v2\/comments?post=19517"}],"version-history":[{"count":1,"href":"https:\/\/agora.xtec.cat\/ceippladedalt\/wp-json\/wp\/v2\/posts\/19517\/revisions"}],"predecessor-version":[{"id":19528,"href":"https:\/\/agora.xtec.cat\/ceippladedalt\/wp-json\/wp\/v2\/posts\/19517\/revisions\/19528"}],"wp:featuredmedia":[{"embeddable":true,"href":"https:\/\/agora.xtec.cat\/ceippladedalt\/wp-json\/wp\/v2\/media\/19523"}],"wp:attachment":[{"href":"https:\/\/agora.xtec.cat\/ceippladedalt\/wp-json\/wp\/v2\/media?parent=19517"}],"wp:term":[{"taxonomy":"category","embeddable":true,"href":"https:\/\/agora.xtec.cat\/ceippladedalt\/wp-json\/wp\/v2\/categories?post=19517"},{"taxonomy":"post_tag","embeddable":true,"href":"https:\/\/agora.xtec.cat\/ceippladedalt\/wp-json\/wp\/v2\/tags?post=19517"}],"curies":[{"name":"wp","href":"https:\/\/api.w.org\/{rel}","templated":true}]}}