{"id":19341,"date":"2023-03-22T09:26:03","date_gmt":"2023-03-22T08:26:03","guid":{"rendered":"https:\/\/agora.xtec.cat\/ceippladedalt\/?p=19341"},"modified":"2023-03-22T09:26:03","modified_gmt":"2023-03-22T08:26:03","slug":"capsules-formatives-abril-i-maig","status":"publish","type":"post","link":"https:\/\/agora.xtec.cat\/ceippladedalt\/portada\/capsules-formatives-abril-i-maig\/","title":{"rendered":"C\u00c0PSULES FORMATIVES ABRIL I MAIG"},"content":{"rendered":"<p>Benvolgudes fam\u00edlies,<\/p>\n<p>El nostre centre educatiu desenvolupa el programa\u00a0<a title=\"https:\/\/www.siguestu.cat\/\" href=\"https:\/\/www.siguestu.cat\/\" target=\"_blank\" rel=\"noopener\" data-saferedirecturl=\"https:\/\/www.google.com\/url?q=https:\/\/www.siguestu.cat\/&amp;source=gmail&amp;ust=1679557212866000&amp;usg=AOvVaw0G0eiXv83vUSCJFT5NY8rz\">\u00abSigues tu, eines i actius per a la salut\u00bb<\/a>.\u00a0Per tal de seguir el treball amb els vostres fills i filles des de casa, el\u00a0<b>\u00abSigues tu en fam\u00edlia\u00bb<\/b>\u00a0ofereix aquesta formaci\u00f3 en l\u00ednia relacionada amb la salut, el benestar i la crian\u00e7a.<\/p>\n<p><a href=\"https:\/\/agora.xtec.cat\/ceippladedalt\/wp-content\/uploads\/usu2126\/2023\/03\/Capsules_abril_maig.pdf\">C\u00c0PSULES FORMATIVES ABRIL I MAIG<\/a><\/p>\n<p>Esperem que sigui del vostre inter\u00e8s.<\/p>\n","protected":false},"excerpt":{"rendered":"<p>Benvolgudes fam\u00edlies,<br \/>\nEl nostre centre educatiu desenvolupa el programa\u00a0<a title=\"https:\/\/www.siguestu.cat\/\" href=\"https:\/\/www.siguestu.cat\/\" target=\"_blank\" rel=\"noopener\" data-saferedirecturl=\"https:\/\/www.google.com\/url?q=https:\/\/www.siguestu.cat\/&amp;source=gmail&amp;ust=1679557212866000&amp;usg=AOvVaw0G0eiXv83vUSCJFT5NY8rz\">\u00abSigues tu, eines i actius per a la salut\u00bb<\/a>.\u00a0Per tal de seguir el treball amb els vostres fills i filles des de casa, el\u00a0\u00abSigues tu en fam\u00edlia\u00bb\u00a0ofereix aquesta formaci\u00f3 en l\u00ednia relacionada amb&hellip;  <a href=\"https:\/\/agora.xtec.cat\/ceippladedalt\/portada\/capsules-formatives-abril-i-maig\/\" title=\"Read C\u00c0PSULES FORMATIVES ABRIL I MAIG\">Llegeix m\u00e9s\u00bb<\/a><\/p>\n","protected":false},"author":1,"featured_media":19343,"comment_status":"open","ping_status":"closed","sticky":false,"template":"","format":"standard","meta":{"_bbp_topic_count":0,"_bbp_reply_count":0,"_bbp_total_topic_count":0,"_bbp_total_reply_count":0,"_bbp_voice_count":0,"_bbp_anonymous_reply_count":0,"_bbp_topic_count_hidden":0,"_bbp_reply_count_hidden":0,"_bbp_forum_subforum_count":0,"footnotes":""},"categories":[4],"tags":[],"class_list":["post-19341","post","type-post","status-publish","format-standard","has-post-thumbnail","hentry","category-portada"],"post_mailing_queue_ids":[],"_links":{"self":[{"href":"https:\/\/agora.xtec.cat\/ceippladedalt\/wp-json\/wp\/v2\/posts\/19341","targetHints":{"allow":["GET"]}}],"collection":[{"href":"https:\/\/agora.xtec.cat\/ceippladedalt\/wp-json\/wp\/v2\/posts"}],"about":[{"href":"https:\/\/agora.xtec.cat\/ceippladedalt\/wp-json\/wp\/v2\/types\/post"}],"author":[{"embeddable":true,"href":"https:\/\/agora.xtec.cat\/ceippladedalt\/wp-json\/wp\/v2\/users\/1"}],"replies":[{"embeddable":true,"href":"https:\/\/agora.xtec.cat\/ceippladedalt\/wp-json\/wp\/v2\/comments?post=19341"}],"version-history":[{"count":1,"href":"https:\/\/agora.xtec.cat\/ceippladedalt\/wp-json\/wp\/v2\/posts\/19341\/revisions"}],"predecessor-version":[{"id":19344,"href":"https:\/\/agora.xtec.cat\/ceippladedalt\/wp-json\/wp\/v2\/posts\/19341\/revisions\/19344"}],"wp:featuredmedia":[{"embeddable":true,"href":"https:\/\/agora.xtec.cat\/ceippladedalt\/wp-json\/wp\/v2\/media\/19343"}],"wp:attachment":[{"href":"https:\/\/agora.xtec.cat\/ceippladedalt\/wp-json\/wp\/v2\/media?parent=19341"}],"wp:term":[{"taxonomy":"category","embeddable":true,"href":"https:\/\/agora.xtec.cat\/ceippladedalt\/wp-json\/wp\/v2\/categories?post=19341"},{"taxonomy":"post_tag","embeddable":true,"href":"https:\/\/agora.xtec.cat\/ceippladedalt\/wp-json\/wp\/v2\/tags?post=19341"}],"curies":[{"name":"wp","href":"https:\/\/api.w.org\/{rel}","templated":true}]}}