{"id":19118,"date":"2023-01-30T10:01:00","date_gmt":"2023-01-30T09:01:00","guid":{"rendered":"https:\/\/agora.xtec.cat\/ceippladedalt\/?p=19118"},"modified":"2023-02-10T20:10:21","modified_gmt":"2023-02-10T19:10:21","slug":"dia-de-la-pau","status":"publish","type":"post","link":"https:\/\/agora.xtec.cat\/ceippladedalt\/portada\/dia-de-la-pau\/","title":{"rendered":"DIA DE LA PAU"},"content":{"rendered":"<p><strong>DENIP 2023.<\/strong> Cada 30 de gener, ens tornem a reunir tots plegats per manifestar el nostre desig de PAU a tot el m\u00f3n i tamb\u00e9 per celebrar el dia de la no-viol\u00e8ncia i la igualtat. Estem lluny de viure en un m\u00f3n en PAU, hi ha llocs a la Terra on pateixen injust\u00edcies, viol\u00e8ncia, maltractaments, guerres&#8230; Aquestes injust\u00edcies, aquestes guerres provoquen que molta gent marxi de les seves cases, dels seus pa\u00efsos buscant viure millor. L\u2019actual guerra a Ucra\u00efna ha tornat a posar damunt la taula la crisi dels refugiats, per\u00f2 no \u00e9s l\u2019\u00fanica&#8230;<\/p>\n<p>Les persones i les fam\u00edlies que marxen del seu pa\u00eds, de la seva ciutat o del seu poble perden moltes altres coses: la seva casa, la fam\u00edlia, els amics&#8230; S\u2019han d\u2019adaptar a una nova cultura, un nou clima, un nou paisatge i sovint, aprendre una nova llengua. Aquesta enyoran\u00e7a pot provocar tristesa, soledat, estr\u00e8s, depressi\u00f3&#8230; \u00e9s el que es coneix com a <strong>dol migratori. <\/strong>\u00c9s molt important que aquestes persones que han canviat de pa\u00eds puguin fer aquest dol i sentir-se en pau amb elles mateixes, estimar el seu nou pa\u00eds, tenir oportunitats, aprendre l\u2019idioma&#8230; viure amb la sensaci\u00f3 de ser un ciutad\u00e0 m\u00e9s.<\/p>\n<p><img loading=\"lazy\" decoding=\"async\" class=\"aligncenter wp-image-19003 size-large\" src=\"https:\/\/agora.xtec.cat\/ceippladedalt\/wp-content\/uploads\/usu2126\/2023\/01\/Dol1-1024x576.jpeg\" alt=\"\" width=\"1024\" height=\"576\" srcset=\"https:\/\/agora.xtec.cat\/ceippladedalt\/wp-content\/uploads\/usu2126\/2023\/01\/Dol1-1024x576.jpeg 1024w, https:\/\/agora.xtec.cat\/ceippladedalt\/wp-content\/uploads\/usu2126\/2023\/01\/Dol1-300x169.jpeg 300w, https:\/\/agora.xtec.cat\/ceippladedalt\/wp-content\/uploads\/usu2126\/2023\/01\/Dol1-768x432.jpeg 768w, https:\/\/agora.xtec.cat\/ceippladedalt\/wp-content\/uploads\/usu2126\/2023\/01\/Dol1-1536x864.jpeg 1536w, https:\/\/agora.xtec.cat\/ceippladedalt\/wp-content\/uploads\/usu2126\/2023\/01\/Dol1.jpeg 2048w\" sizes=\"auto, (max-width: 1024px) 100vw, 1024px\" \/><\/p>\n<p>Aquesta setmana treballarem &#8220;El dol migratori&#8221; llegint contes, mirant v\u00eddeos i escoltant can\u00e7ons. Una d&#8217;elles &#8220;A la deriva&#8221; de Txarango que vam ballar a la tarda. Durant el mat\u00ed, cada classe ha omplert una motxilla (en forma d&#8217;ampolles plenes d&#8217;aigua) amb tot all\u00f2 que trobar\u00edeu a faltar si migr\u00e9ssiu a una altra ciutat o pa\u00eds: la fam\u00edlia, els amics, el menjar&#8230; <strong>Pesa la motxilla?<\/strong><\/p>\n<p><img loading=\"lazy\" decoding=\"async\" class=\"aligncenter wp-image-19004 size-large\" src=\"https:\/\/agora.xtec.cat\/ceippladedalt\/wp-content\/uploads\/usu2126\/2023\/01\/Dol2-1024x1024.jpeg\" alt=\"\" width=\"1024\" height=\"1024\" srcset=\"https:\/\/agora.xtec.cat\/ceippladedalt\/wp-content\/uploads\/usu2126\/2023\/01\/Dol2-1024x1024.jpeg 1024w, https:\/\/agora.xtec.cat\/ceippladedalt\/wp-content\/uploads\/usu2126\/2023\/01\/Dol2-300x300.jpeg 300w, https:\/\/agora.xtec.cat\/ceippladedalt\/wp-content\/uploads\/usu2126\/2023\/01\/Dol2-150x150.jpeg 150w, https:\/\/agora.xtec.cat\/ceippladedalt\/wp-content\/uploads\/usu2126\/2023\/01\/Dol2-768x768.jpeg 768w, https:\/\/agora.xtec.cat\/ceippladedalt\/wp-content\/uploads\/usu2126\/2023\/01\/Dol2-1536x1536.jpeg 1536w, https:\/\/agora.xtec.cat\/ceippladedalt\/wp-content\/uploads\/usu2126\/2023\/01\/Dol2.jpeg 1732w\" sizes=\"auto, (max-width: 1024px) 100vw, 1024px\" \/><\/p>\n<p><img loading=\"lazy\" decoding=\"async\" class=\"aligncenter wp-image-19005 size-large\" src=\"https:\/\/agora.xtec.cat\/ceippladedalt\/wp-content\/uploads\/usu2126\/2023\/01\/Dol3-1024x387.jpeg\" alt=\"\" width=\"1024\" height=\"387\" srcset=\"https:\/\/agora.xtec.cat\/ceippladedalt\/wp-content\/uploads\/usu2126\/2023\/01\/Dol3-1024x387.jpeg 1024w, https:\/\/agora.xtec.cat\/ceippladedalt\/wp-content\/uploads\/usu2126\/2023\/01\/Dol3-300x113.jpeg 300w, https:\/\/agora.xtec.cat\/ceippladedalt\/wp-content\/uploads\/usu2126\/2023\/01\/Dol3-768x290.jpeg 768w, https:\/\/agora.xtec.cat\/ceippladedalt\/wp-content\/uploads\/usu2126\/2023\/01\/Dol3-1536x581.jpeg 1536w, https:\/\/agora.xtec.cat\/ceippladedalt\/wp-content\/uploads\/usu2126\/2023\/01\/Dol3.jpeg 2048w\" sizes=\"auto, (max-width: 1024px) 100vw, 1024px\" \/><\/p>\n","protected":false},"excerpt":{"rendered":"<p>DENIP 2023. Cada 30 de gener, ens tornem a reunir tots plegats per manifestar el nostre desig de PAU a tot el m\u00f3n i tamb\u00e9 per celebrar el dia de la no-viol\u00e8ncia i la igualtat. Estem lluny de viure en un m\u00f3n en PAU, hi&hellip;  <a href=\"https:\/\/agora.xtec.cat\/ceippladedalt\/portada\/dia-de-la-pau\/\" title=\"Read DIA DE LA PAU\">Llegeix m\u00e9s\u00bb<\/a><\/p>\n","protected":false},"author":1,"featured_media":19003,"comment_status":"closed","ping_status":"closed","sticky":false,"template":"","format":"standard","meta":{"_bbp_topic_count":0,"_bbp_reply_count":0,"_bbp_total_topic_count":0,"_bbp_total_reply_count":0,"_bbp_voice_count":0,"_bbp_anonymous_reply_count":0,"_bbp_topic_count_hidden":0,"_bbp_reply_count_hidden":0,"_bbp_forum_subforum_count":0,"footnotes":""},"categories":[4],"tags":[],"class_list":["post-19118","post","type-post","status-publish","format-standard","has-post-thumbnail","hentry","category-portada"],"post_mailing_queue_ids":[],"_links":{"self":[{"href":"https:\/\/agora.xtec.cat\/ceippladedalt\/wp-json\/wp\/v2\/posts\/19118","targetHints":{"allow":["GET"]}}],"collection":[{"href":"https:\/\/agora.xtec.cat\/ceippladedalt\/wp-json\/wp\/v2\/posts"}],"about":[{"href":"https:\/\/agora.xtec.cat\/ceippladedalt\/wp-json\/wp\/v2\/types\/post"}],"author":[{"embeddable":true,"href":"https:\/\/agora.xtec.cat\/ceippladedalt\/wp-json\/wp\/v2\/users\/1"}],"replies":[{"embeddable":true,"href":"https:\/\/agora.xtec.cat\/ceippladedalt\/wp-json\/wp\/v2\/comments?post=19118"}],"version-history":[{"count":3,"href":"https:\/\/agora.xtec.cat\/ceippladedalt\/wp-json\/wp\/v2\/posts\/19118\/revisions"}],"predecessor-version":[{"id":19122,"href":"https:\/\/agora.xtec.cat\/ceippladedalt\/wp-json\/wp\/v2\/posts\/19118\/revisions\/19122"}],"wp:featuredmedia":[{"embeddable":true,"href":"https:\/\/agora.xtec.cat\/ceippladedalt\/wp-json\/wp\/v2\/media\/19003"}],"wp:attachment":[{"href":"https:\/\/agora.xtec.cat\/ceippladedalt\/wp-json\/wp\/v2\/media?parent=19118"}],"wp:term":[{"taxonomy":"category","embeddable":true,"href":"https:\/\/agora.xtec.cat\/ceippladedalt\/wp-json\/wp\/v2\/categories?post=19118"},{"taxonomy":"post_tag","embeddable":true,"href":"https:\/\/agora.xtec.cat\/ceippladedalt\/wp-json\/wp\/v2\/tags?post=19118"}],"curies":[{"name":"wp","href":"https:\/\/api.w.org\/{rel}","templated":true}]}}